{"id":530,"date":"2021-05-27T10:30:37","date_gmt":"2021-05-27T08:30:37","guid":{"rendered":"https:\/\/schneckenfluegel.de\/sl\/?p=530"},"modified":"2021-08-12T11:12:38","modified_gmt":"2021-08-12T09:12:38","slug":"pocasceni-velika-nagrada-vr-za-srednje-velika-podjetja-v-regiji-weser-ems-za-leto-2020-za-krilca-polzev","status":"publish","type":"post","link":"https:\/\/schneckenfluegel.de\/sl\/2021\/05\/27\/pocasceni-velika-nagrada-vr-za-srednje-velika-podjetja-v-regiji-weser-ems-za-leto-2020-za-krilca-polzev\/","title":{"rendered":"Po\u010da\u0161\u010deni: velika nagrada VR za srednje velika podjetja v regiji Weser-Ems za leto 2020 za krilca pol\u017eev."},"content":{"rendered":"<p>V podjetju Schneckenfl\u00fcgel si prizadevamo za u\u010dinkovitost in digitalizacijo! Zato smo veseli, da smo prejeli nagrado VR za srednje velika podjetja za zgledno optimizacijo in digitalizacijo na\u0161ih operativnih procesov.<\/p>\n<p>Zveza nem\u0161kih bank Volksbanken in Raiffeisenbanken vsako leto podeli nagrado trem inovativnim obratom in podjetjem z zglednimi projekti in storitvami. Nagrajenca izbere komisija \u010dlanov banke VR, IHK in obrtne zbornice. Med \u0161tevilnimi kandidati smo izstopali in nagrado osebno prevzeti 21. maja 2021.<\/p>\n<p>[od leve proti desni Michael H\u00f6ller (IHK), Kai Lutz Pakula (obrtna zbornica), Karl-Heinz Gerdes (C.E. Schneckenfl\u00fcgel), Rolf Eiting (C.E. Schneckenfl\u00fcgel), Thomas Ahaus (zdru\u017eenje zadrug regije Weser-Ems]<\/p>\n<p>Vendar pa kljub uspehu ne bomo po\u010divali na lovorikah in bomo \u0161e naprej razvijali procese, da bi za na\u0161e stranke postali \u0161e bolj natan\u010dni, hitri in gospodarni.\u00a0 <a href=\"https:\/\/schneckenfluegel.de\/sl\/ueber-uns\/\">Tukaj izveste ve\u010d o nas in o na\u0161ih ciljih.<\/a><\/p>\n","protected":false},"excerpt":{"rendered":"<p>V podjetju Schneckenfl\u00fcgel si prizadevamo za u\u010dinkovitost in digitalizacijo! Zato smo veseli, da smo prejeli nagrado VR za srednje velika&hellip;<\/p>\n","protected":false},"author":7,"featured_media":526,"comment_status":"open","ping_status":"open","sticky":false,"template":"","format":"standard","meta":{"_acf_changed":false,"footnotes":""},"categories":[1],"tags":[],"class_list":["post-530","post","type-post","status-publish","format-standard","has-post-thumbnail","hentry","category-allgemein"],"acf":[],"yoast_head":"<!-- This site is optimized with the Yoast SEO plugin v26.6 - https:\/\/yoast.com\/wordpress\/plugins\/seo\/ -->\n<title>Po\u010da\u0161\u010deni: velika nagrada VR za srednje velika podjetja v regiji Weser-Ems za leto 2020 za krilca pol\u017eev. - C.E. Schneckenfl\u00fcgel GmbH<\/title>\n<meta name=\"robots\" content=\"index, follow, max-snippet:-1, max-image-preview:large, max-video-preview:-1\" \/>\n<link rel=\"canonical\" href=\"https:\/\/schneckenfluegel.de\/sl\/2021\/05\/27\/pocasceni-velika-nagrada-vr-za-srednje-velika-podjetja-v-regiji-weser-ems-za-leto-2020-za-krilca-polzev\/\" \/>\n<meta property=\"og:locale\" content=\"sl_SI\" \/>\n<meta property=\"og:type\" content=\"article\" \/>\n<meta property=\"og:title\" content=\"Po\u010da\u0161\u010deni: velika nagrada VR za srednje velika podjetja v regiji Weser-Ems za leto 2020 za krilca pol\u017eev. - C.E. Schneckenfl\u00fcgel GmbH\" \/>\n<meta property=\"og:description\" content=\"V podjetju Schneckenfl\u00fcgel si prizadevamo za u\u010dinkovitost in digitalizacijo! Zato smo veseli, da smo prejeli nagrado VR za srednje velika&hellip;\" \/>\n<meta property=\"og:url\" content=\"https:\/\/schneckenfluegel.de\/sl\/2021\/05\/27\/pocasceni-velika-nagrada-vr-za-srednje-velika-podjetja-v-regiji-weser-ems-za-leto-2020-za-krilca-polzev\/\" \/>\n<meta property=\"og:site_name\" content=\"C.E. Schneckenfl\u00fcgel GmbH\" \/>\n<meta property=\"article:published_time\" content=\"2021-05-27T08:30:37+00:00\" \/>\n<meta property=\"article:modified_time\" content=\"2021-08-12T09:12:38+00:00\" \/>\n<meta property=\"og:image\" content=\"https:\/\/schneckenfluegel.de\/sl\/wp-content\/uploads\/sites\/8\/2021\/07\/Zusammenfu\u0308gung_enger_V2-scaled.jpg\" \/>\n\t<meta property=\"og:image:width\" content=\"2560\" \/>\n\t<meta property=\"og:image:height\" content=\"1594\" \/>\n\t<meta property=\"og:image:type\" content=\"image\/jpeg\" \/>\n<meta name=\"author\" content=\"kern\" \/>\n<meta name=\"twitter:card\" content=\"summary_large_image\" \/>\n<meta name=\"twitter:label1\" content=\"Written by\" \/>\n\t<meta name=\"twitter:data1\" content=\"kern\" \/>\n\t<meta name=\"twitter:label2\" content=\"Est. reading time\" \/>\n\t<meta name=\"twitter:data2\" content=\"1 minuta\" \/>\n<script type=\"application\/ld+json\" class=\"yoast-schema-graph\">{\"@context\":\"https:\/\/schema.org\",\"@graph\":[{\"@type\":\"WebPage\",\"@id\":\"https:\/\/schneckenfluegel.de\/sl\/2021\/05\/27\/pocasceni-velika-nagrada-vr-za-srednje-velika-podjetja-v-regiji-weser-ems-za-leto-2020-za-krilca-polzev\/\",\"url\":\"https:\/\/schneckenfluegel.de\/sl\/2021\/05\/27\/pocasceni-velika-nagrada-vr-za-srednje-velika-podjetja-v-regiji-weser-ems-za-leto-2020-za-krilca-polzev\/\",\"name\":\"Po\u010da\u0161\u010deni: velika nagrada VR za srednje velika podjetja v regiji Weser-Ems za leto 2020 za krilca pol\u017eev. - C.E. Schneckenfl\u00fcgel GmbH\",\"isPartOf\":{\"@id\":\"https:\/\/schneckenfluegel.de\/sl\/#website\"},\"primaryImageOfPage\":{\"@id\":\"https:\/\/schneckenfluegel.de\/sl\/2021\/05\/27\/pocasceni-velika-nagrada-vr-za-srednje-velika-podjetja-v-regiji-weser-ems-za-leto-2020-za-krilca-polzev\/#primaryimage\"},\"image\":{\"@id\":\"https:\/\/schneckenfluegel.de\/sl\/2021\/05\/27\/pocasceni-velika-nagrada-vr-za-srednje-velika-podjetja-v-regiji-weser-ems-za-leto-2020-za-krilca-polzev\/#primaryimage\"},\"thumbnailUrl\":\"https:\/\/schneckenfluegel.de\/sl\/wp-content\/uploads\/sites\/8\/2021\/07\/Zusammenfu\u0308gung_enger_V2-scaled.jpg\",\"datePublished\":\"2021-05-27T08:30:37+00:00\",\"dateModified\":\"2021-08-12T09:12:38+00:00\",\"author\":{\"@id\":\"https:\/\/schneckenfluegel.de\/sl\/#\/schema\/person\/5ed543368a0353c1b931d0d34bc32cfd\"},\"breadcrumb\":{\"@id\":\"https:\/\/schneckenfluegel.de\/sl\/2021\/05\/27\/pocasceni-velika-nagrada-vr-za-srednje-velika-podjetja-v-regiji-weser-ems-za-leto-2020-za-krilca-polzev\/#breadcrumb\"},\"inLanguage\":\"sl-SI\",\"potentialAction\":[{\"@type\":\"ReadAction\",\"target\":[\"https:\/\/schneckenfluegel.de\/sl\/2021\/05\/27\/pocasceni-velika-nagrada-vr-za-srednje-velika-podjetja-v-regiji-weser-ems-za-leto-2020-za-krilca-polzev\/\"]}]},{\"@type\":\"ImageObject\",\"inLanguage\":\"sl-SI\",\"@id\":\"https:\/\/schneckenfluegel.de\/sl\/2021\/05\/27\/pocasceni-velika-nagrada-vr-za-srednje-velika-podjetja-v-regiji-weser-ems-za-leto-2020-za-krilca-polzev\/#primaryimage\",\"url\":\"https:\/\/schneckenfluegel.de\/sl\/wp-content\/uploads\/sites\/8\/2021\/07\/Zusammenfu\u0308gung_enger_V2-scaled.jpg\",\"contentUrl\":\"https:\/\/schneckenfluegel.de\/sl\/wp-content\/uploads\/sites\/8\/2021\/07\/Zusammenfu\u0308gung_enger_V2-scaled.jpg\",\"width\":2560,\"height\":1594},{\"@type\":\"BreadcrumbList\",\"@id\":\"https:\/\/schneckenfluegel.de\/sl\/2021\/05\/27\/pocasceni-velika-nagrada-vr-za-srednje-velika-podjetja-v-regiji-weser-ems-za-leto-2020-za-krilca-polzev\/#breadcrumb\",\"itemListElement\":[{\"@type\":\"ListItem\",\"position\":1,\"name\":\"Startseite\",\"item\":\"https:\/\/schneckenfluegel.de\/sl\/\"},{\"@type\":\"ListItem\",\"position\":2,\"name\":\"Po\u010da\u0161\u010deni: velika nagrada VR za srednje velika podjetja v regiji Weser-Ems za leto 2020 za krilca pol\u017eev.\"}]},{\"@type\":\"WebSite\",\"@id\":\"https:\/\/schneckenfluegel.de\/sl\/#website\",\"url\":\"https:\/\/schneckenfluegel.de\/sl\/\",\"name\":\"C.E. Schneckenfl\u00fcgel GmbH\",\"description\":\"\",\"potentialAction\":[{\"@type\":\"SearchAction\",\"target\":{\"@type\":\"EntryPoint\",\"urlTemplate\":\"https:\/\/schneckenfluegel.de\/sl\/?s={search_term_string}\"},\"query-input\":{\"@type\":\"PropertyValueSpecification\",\"valueRequired\":true,\"valueName\":\"search_term_string\"}}],\"inLanguage\":\"sl-SI\"},{\"@type\":\"Person\",\"@id\":\"https:\/\/schneckenfluegel.de\/sl\/#\/schema\/person\/5ed543368a0353c1b931d0d34bc32cfd\",\"name\":\"kern\",\"image\":{\"@type\":\"ImageObject\",\"inLanguage\":\"sl-SI\",\"@id\":\"https:\/\/schneckenfluegel.de\/sl\/#\/schema\/person\/image\/\",\"url\":\"https:\/\/secure.gravatar.com\/avatar\/ef8a749a6d9d603f4947122bb48c27b4c0357c60e8085bd57c368f56d0e65b27?s=96&d=mm&r=g\",\"contentUrl\":\"https:\/\/secure.gravatar.com\/avatar\/ef8a749a6d9d603f4947122bb48c27b4c0357c60e8085bd57c368f56d0e65b27?s=96&d=mm&r=g\",\"caption\":\"kern\"},\"url\":\"https:\/\/schneckenfluegel.de\/sl\/author\/kern\/\"}]}<\/script>\n<!-- \/ Yoast SEO plugin. -->","yoast_head_json":{"title":"Po\u010da\u0161\u010deni: velika nagrada VR za srednje velika podjetja v regiji Weser-Ems za leto 2020 za krilca pol\u017eev. - C.E. Schneckenfl\u00fcgel GmbH","robots":{"index":"index","follow":"follow","max-snippet":"max-snippet:-1","max-image-preview":"max-image-preview:large","max-video-preview":"max-video-preview:-1"},"canonical":"https:\/\/schneckenfluegel.de\/sl\/2021\/05\/27\/pocasceni-velika-nagrada-vr-za-srednje-velika-podjetja-v-regiji-weser-ems-za-leto-2020-za-krilca-polzev\/","og_locale":"sl_SI","og_type":"article","og_title":"Po\u010da\u0161\u010deni: velika nagrada VR za srednje velika podjetja v regiji Weser-Ems za leto 2020 za krilca pol\u017eev. - C.E. Schneckenfl\u00fcgel GmbH","og_description":"V podjetju Schneckenfl\u00fcgel si prizadevamo za u\u010dinkovitost in digitalizacijo! Zato smo veseli, da smo prejeli nagrado VR za srednje velika&hellip;","og_url":"https:\/\/schneckenfluegel.de\/sl\/2021\/05\/27\/pocasceni-velika-nagrada-vr-za-srednje-velika-podjetja-v-regiji-weser-ems-za-leto-2020-za-krilca-polzev\/","og_site_name":"C.E. Schneckenfl\u00fcgel GmbH","article_published_time":"2021-05-27T08:30:37+00:00","article_modified_time":"2021-08-12T09:12:38+00:00","og_image":[{"width":2560,"height":1594,"url":"https:\/\/schneckenfluegel.de\/sl\/wp-content\/uploads\/sites\/8\/2021\/07\/Zusammenfu\u0308gung_enger_V2-scaled.jpg","type":"image\/jpeg"}],"author":"kern","twitter_card":"summary_large_image","twitter_misc":{"Written by":"kern","Est. reading time":"1 minuta"},"schema":{"@context":"https:\/\/schema.org","@graph":[{"@type":"WebPage","@id":"https:\/\/schneckenfluegel.de\/sl\/2021\/05\/27\/pocasceni-velika-nagrada-vr-za-srednje-velika-podjetja-v-regiji-weser-ems-za-leto-2020-za-krilca-polzev\/","url":"https:\/\/schneckenfluegel.de\/sl\/2021\/05\/27\/pocasceni-velika-nagrada-vr-za-srednje-velika-podjetja-v-regiji-weser-ems-za-leto-2020-za-krilca-polzev\/","name":"Po\u010da\u0161\u010deni: velika nagrada VR za srednje velika podjetja v regiji Weser-Ems za leto 2020 za krilca pol\u017eev. - C.E. Schneckenfl\u00fcgel GmbH","isPartOf":{"@id":"https:\/\/schneckenfluegel.de\/sl\/#website"},"primaryImageOfPage":{"@id":"https:\/\/schneckenfluegel.de\/sl\/2021\/05\/27\/pocasceni-velika-nagrada-vr-za-srednje-velika-podjetja-v-regiji-weser-ems-za-leto-2020-za-krilca-polzev\/#primaryimage"},"image":{"@id":"https:\/\/schneckenfluegel.de\/sl\/2021\/05\/27\/pocasceni-velika-nagrada-vr-za-srednje-velika-podjetja-v-regiji-weser-ems-za-leto-2020-za-krilca-polzev\/#primaryimage"},"thumbnailUrl":"https:\/\/schneckenfluegel.de\/sl\/wp-content\/uploads\/sites\/8\/2021\/07\/Zusammenfu\u0308gung_enger_V2-scaled.jpg","datePublished":"2021-05-27T08:30:37+00:00","dateModified":"2021-08-12T09:12:38+00:00","author":{"@id":"https:\/\/schneckenfluegel.de\/sl\/#\/schema\/person\/5ed543368a0353c1b931d0d34bc32cfd"},"breadcrumb":{"@id":"https:\/\/schneckenfluegel.de\/sl\/2021\/05\/27\/pocasceni-velika-nagrada-vr-za-srednje-velika-podjetja-v-regiji-weser-ems-za-leto-2020-za-krilca-polzev\/#breadcrumb"},"inLanguage":"sl-SI","potentialAction":[{"@type":"ReadAction","target":["https:\/\/schneckenfluegel.de\/sl\/2021\/05\/27\/pocasceni-velika-nagrada-vr-za-srednje-velika-podjetja-v-regiji-weser-ems-za-leto-2020-za-krilca-polzev\/"]}]},{"@type":"ImageObject","inLanguage":"sl-SI","@id":"https:\/\/schneckenfluegel.de\/sl\/2021\/05\/27\/pocasceni-velika-nagrada-vr-za-srednje-velika-podjetja-v-regiji-weser-ems-za-leto-2020-za-krilca-polzev\/#primaryimage","url":"https:\/\/schneckenfluegel.de\/sl\/wp-content\/uploads\/sites\/8\/2021\/07\/Zusammenfu\u0308gung_enger_V2-scaled.jpg","contentUrl":"https:\/\/schneckenfluegel.de\/sl\/wp-content\/uploads\/sites\/8\/2021\/07\/Zusammenfu\u0308gung_enger_V2-scaled.jpg","width":2560,"height":1594},{"@type":"BreadcrumbList","@id":"https:\/\/schneckenfluegel.de\/sl\/2021\/05\/27\/pocasceni-velika-nagrada-vr-za-srednje-velika-podjetja-v-regiji-weser-ems-za-leto-2020-za-krilca-polzev\/#breadcrumb","itemListElement":[{"@type":"ListItem","position":1,"name":"Startseite","item":"https:\/\/schneckenfluegel.de\/sl\/"},{"@type":"ListItem","position":2,"name":"Po\u010da\u0161\u010deni: velika nagrada VR za srednje velika podjetja v regiji Weser-Ems za leto 2020 za krilca pol\u017eev."}]},{"@type":"WebSite","@id":"https:\/\/schneckenfluegel.de\/sl\/#website","url":"https:\/\/schneckenfluegel.de\/sl\/","name":"C.E. Schneckenfl\u00fcgel GmbH","description":"","potentialAction":[{"@type":"SearchAction","target":{"@type":"EntryPoint","urlTemplate":"https:\/\/schneckenfluegel.de\/sl\/?s={search_term_string}"},"query-input":{"@type":"PropertyValueSpecification","valueRequired":true,"valueName":"search_term_string"}}],"inLanguage":"sl-SI"},{"@type":"Person","@id":"https:\/\/schneckenfluegel.de\/sl\/#\/schema\/person\/5ed543368a0353c1b931d0d34bc32cfd","name":"kern","image":{"@type":"ImageObject","inLanguage":"sl-SI","@id":"https:\/\/schneckenfluegel.de\/sl\/#\/schema\/person\/image\/","url":"https:\/\/secure.gravatar.com\/avatar\/ef8a749a6d9d603f4947122bb48c27b4c0357c60e8085bd57c368f56d0e65b27?s=96&d=mm&r=g","contentUrl":"https:\/\/secure.gravatar.com\/avatar\/ef8a749a6d9d603f4947122bb48c27b4c0357c60e8085bd57c368f56d0e65b27?s=96&d=mm&r=g","caption":"kern"},"url":"https:\/\/schneckenfluegel.de\/sl\/author\/kern\/"}]}},"_links":{"self":[{"href":"https:\/\/schneckenfluegel.de\/sl\/wp-json\/wp\/v2\/posts\/530","targetHints":{"allow":["GET"]}}],"collection":[{"href":"https:\/\/schneckenfluegel.de\/sl\/wp-json\/wp\/v2\/posts"}],"about":[{"href":"https:\/\/schneckenfluegel.de\/sl\/wp-json\/wp\/v2\/types\/post"}],"author":[{"embeddable":true,"href":"https:\/\/schneckenfluegel.de\/sl\/wp-json\/wp\/v2\/users\/7"}],"replies":[{"embeddable":true,"href":"https:\/\/schneckenfluegel.de\/sl\/wp-json\/wp\/v2\/comments?post=530"}],"version-history":[{"count":2,"href":"https:\/\/schneckenfluegel.de\/sl\/wp-json\/wp\/v2\/posts\/530\/revisions"}],"predecessor-version":[{"id":544,"href":"https:\/\/schneckenfluegel.de\/sl\/wp-json\/wp\/v2\/posts\/530\/revisions\/544"}],"wp:featuredmedia":[{"embeddable":true,"href":"https:\/\/schneckenfluegel.de\/sl\/wp-json\/wp\/v2\/media\/526"}],"wp:attachment":[{"href":"https:\/\/schneckenfluegel.de\/sl\/wp-json\/wp\/v2\/media?parent=530"}],"wp:term":[{"taxonomy":"category","embeddable":true,"href":"https:\/\/schneckenfluegel.de\/sl\/wp-json\/wp\/v2\/categories?post=530"},{"taxonomy":"post_tag","embeddable":true,"href":"https:\/\/schneckenfluegel.de\/sl\/wp-json\/wp\/v2\/tags?post=530"}],"curies":[{"name":"wp","href":"https:\/\/api.w.org\/{rel}","templated":true}]}}