{"id":629,"date":"2021-05-27T10:44:25","date_gmt":"2021-05-27T08:44:25","guid":{"rendered":"https:\/\/schneckenfluegel.de\/sk\/?p=629"},"modified":"2021-08-12T11:16:14","modified_gmt":"2021-08-12T09:16:14","slug":"ocenenie-vyznamne-ocenenie-pre-male-a-stredne-podniky-weser-ems-2020-ziskala-firma-schneckenflugel","status":"publish","type":"post","link":"https:\/\/schneckenfluegel.de\/sk\/2021\/05\/27\/ocenenie-vyznamne-ocenenie-pre-male-a-stredne-podniky-weser-ems-2020-ziskala-firma-schneckenflugel\/","title":{"rendered":"Ocenenie: V\u00fdznamn\u00e9 ocenenie pre mal\u00e9 a stredn\u00e9 podniky Weser-Ems 2020 z\u00edskala firma Schneckenfl\u00fcgel!"},"content":{"rendered":"<p>V\u00a0spolo\u010dnosti Schneckenfl\u00fcgel \u017eijeme efekt\u00edvnos\u0165ou a digitaliz\u00e1ciou! Preto n\u00e1s te\u0161\u00ed, \u017ee sme z\u00edskali ocenenie pre mal\u00e9 a stredn\u00e9 podniky za vzorov\u00fa optimaliz\u00e1ciu a digitaliz\u00e1ciu na\u0161ich v\u00fdrobn\u00fdch procesov.<\/p>\n<p>Banky Volksbank a Raiffeisenbank ude\u013euj\u00fa ka\u017edoro\u010dne cenu trom priekopn\u00edckym prev\u00e1dzkam a spolo\u010dnostiam za ich vzorn\u00e9 projekty a v\u00fdkony. O\u00a0v\u00ed\u0165azoch rozhoduje komisia zlo\u017een\u00e1 z\u00a0\u010dlenov VR-Bank, Priemyselnej a obchodnej komory (IHK) a Remeseln\u00edckej komory (HWK). Spomedzi mnoh\u00fdch uch\u00e1dza\u010dov sme sa dok\u00e1zali presadi\u0165 a d\u0148a 21. m\u00e1ja 2021 sme si osobne prevzali toto ocenenie.<\/p>\n<p>[z\u013eava doprava Michael H\u00f6ller (IHK), Kai Lutz Pakula (HWK), Karl-Heinz Gerdes (C.E. Schneckenfl\u00fcgel), Rolf Eiting (C.E. Schneckenfl\u00fcgel), Thomas Ahaus (Dru\u017estevn\u00e9 zdru\u017eenie Weser-Ems]<\/p>\n<p>Pokra\u010dujeme v\u0161ak na\u010falej v\u00a0\u00fasil\u00ed a v\u00fdvoji na\u0161ich pracovn\u00fdch procesov, aby sme na\u0161im z\u00e1kazn\u00edkom pon\u00fakali slu\u017eby st\u00e1le prec\u00edznej\u0161ie, r\u00fdchlej\u0161ie a v\u00fdhodnej\u0161ie.\u00a0<a href=\"https:\/\/schneckenfluegel.de\/sk\/ueber-uns\/\"> Tu sa dozviete viac o\u00a0n\u00e1s a o\u00a0tom, \u010do n\u00e1s vedie.<\/a><\/p>\n","protected":false},"excerpt":{"rendered":"<p>V\u00a0spolo\u010dnosti Schneckenfl\u00fcgel \u017eijeme efekt\u00edvnos\u0165ou a digitaliz\u00e1ciou! Preto n\u00e1s te\u0161\u00ed, \u017ee sme z\u00edskali ocenenie pre mal\u00e9 a stredn\u00e9 podniky za vzorov\u00fa&hellip;<\/p>\n","protected":false},"author":7,"featured_media":624,"comment_status":"open","ping_status":"open","sticky":false,"template":"","format":"standard","meta":{"_acf_changed":false,"footnotes":""},"categories":[1],"tags":[],"class_list":["post-629","post","type-post","status-publish","format-standard","has-post-thumbnail","hentry","category-allgemein"],"acf":[],"yoast_head":"<!-- This site is optimized with the Yoast SEO plugin v26.6 - https:\/\/yoast.com\/wordpress\/plugins\/seo\/ -->\n<title>Ocenenie: V\u00fdznamn\u00e9 ocenenie pre mal\u00e9 a stredn\u00e9 podniky Weser-Ems 2020 z\u00edskala firma Schneckenfl\u00fcgel! - C.E. Schneckenfl\u00fcgel GmbH<\/title>\n<meta name=\"robots\" content=\"index, follow, max-snippet:-1, max-image-preview:large, max-video-preview:-1\" \/>\n<link rel=\"canonical\" href=\"https:\/\/schneckenfluegel.de\/sk\/2021\/05\/27\/ocenenie-vyznamne-ocenenie-pre-male-a-stredne-podniky-weser-ems-2020-ziskala-firma-schneckenflugel\/\" \/>\n<meta property=\"og:locale\" content=\"sk_SK\" \/>\n<meta property=\"og:type\" content=\"article\" \/>\n<meta property=\"og:title\" content=\"Ocenenie: V\u00fdznamn\u00e9 ocenenie pre mal\u00e9 a stredn\u00e9 podniky Weser-Ems 2020 z\u00edskala firma Schneckenfl\u00fcgel! - C.E. Schneckenfl\u00fcgel GmbH\" \/>\n<meta property=\"og:description\" content=\"V\u00a0spolo\u010dnosti Schneckenfl\u00fcgel \u017eijeme efekt\u00edvnos\u0165ou a digitaliz\u00e1ciou! Preto n\u00e1s te\u0161\u00ed, \u017ee sme z\u00edskali ocenenie pre mal\u00e9 a stredn\u00e9 podniky za vzorov\u00fa&hellip;\" \/>\n<meta property=\"og:url\" content=\"https:\/\/schneckenfluegel.de\/sk\/2021\/05\/27\/ocenenie-vyznamne-ocenenie-pre-male-a-stredne-podniky-weser-ems-2020-ziskala-firma-schneckenflugel\/\" \/>\n<meta property=\"og:site_name\" content=\"C.E. Schneckenfl\u00fcgel GmbH\" \/>\n<meta property=\"article:published_time\" content=\"2021-05-27T08:44:25+00:00\" \/>\n<meta property=\"article:modified_time\" content=\"2021-08-12T09:16:14+00:00\" \/>\n<meta property=\"og:image\" content=\"https:\/\/schneckenfluegel.de\/sk\/wp-content\/uploads\/sites\/12\/2021\/07\/Zusammenfu\u0308gung_enger_V2-scaled.jpg\" \/>\n\t<meta property=\"og:image:width\" content=\"2560\" \/>\n\t<meta property=\"og:image:height\" content=\"1594\" \/>\n\t<meta property=\"og:image:type\" content=\"image\/jpeg\" \/>\n<meta name=\"author\" content=\"kern\" \/>\n<meta name=\"twitter:card\" content=\"summary_large_image\" \/>\n<meta name=\"twitter:label1\" content=\"Autor\" \/>\n\t<meta name=\"twitter:data1\" content=\"kern\" \/>\n\t<meta name=\"twitter:label2\" content=\"Predpokladan\u00fd \u010das \u010d\u00edtania\" \/>\n\t<meta name=\"twitter:data2\" content=\"1 min\u00fata\" \/>\n<script type=\"application\/ld+json\" class=\"yoast-schema-graph\">{\"@context\":\"https:\/\/schema.org\",\"@graph\":[{\"@type\":\"WebPage\",\"@id\":\"https:\/\/schneckenfluegel.de\/sk\/2021\/05\/27\/ocenenie-vyznamne-ocenenie-pre-male-a-stredne-podniky-weser-ems-2020-ziskala-firma-schneckenflugel\/\",\"url\":\"https:\/\/schneckenfluegel.de\/sk\/2021\/05\/27\/ocenenie-vyznamne-ocenenie-pre-male-a-stredne-podniky-weser-ems-2020-ziskala-firma-schneckenflugel\/\",\"name\":\"Ocenenie: V\u00fdznamn\u00e9 ocenenie pre mal\u00e9 a stredn\u00e9 podniky Weser-Ems 2020 z\u00edskala firma Schneckenfl\u00fcgel! - C.E. Schneckenfl\u00fcgel GmbH\",\"isPartOf\":{\"@id\":\"https:\/\/schneckenfluegel.de\/sk\/#website\"},\"primaryImageOfPage\":{\"@id\":\"https:\/\/schneckenfluegel.de\/sk\/2021\/05\/27\/ocenenie-vyznamne-ocenenie-pre-male-a-stredne-podniky-weser-ems-2020-ziskala-firma-schneckenflugel\/#primaryimage\"},\"image\":{\"@id\":\"https:\/\/schneckenfluegel.de\/sk\/2021\/05\/27\/ocenenie-vyznamne-ocenenie-pre-male-a-stredne-podniky-weser-ems-2020-ziskala-firma-schneckenflugel\/#primaryimage\"},\"thumbnailUrl\":\"https:\/\/schneckenfluegel.de\/sk\/wp-content\/uploads\/sites\/12\/2021\/07\/Zusammenfu\u0308gung_enger_V2-scaled.jpg\",\"datePublished\":\"2021-05-27T08:44:25+00:00\",\"dateModified\":\"2021-08-12T09:16:14+00:00\",\"author\":{\"@id\":\"https:\/\/schneckenfluegel.de\/sk\/#\/schema\/person\/5ed543368a0353c1b931d0d34bc32cfd\"},\"breadcrumb\":{\"@id\":\"https:\/\/schneckenfluegel.de\/sk\/2021\/05\/27\/ocenenie-vyznamne-ocenenie-pre-male-a-stredne-podniky-weser-ems-2020-ziskala-firma-schneckenflugel\/#breadcrumb\"},\"inLanguage\":\"sk-SK\",\"potentialAction\":[{\"@type\":\"ReadAction\",\"target\":[\"https:\/\/schneckenfluegel.de\/sk\/2021\/05\/27\/ocenenie-vyznamne-ocenenie-pre-male-a-stredne-podniky-weser-ems-2020-ziskala-firma-schneckenflugel\/\"]}]},{\"@type\":\"ImageObject\",\"inLanguage\":\"sk-SK\",\"@id\":\"https:\/\/schneckenfluegel.de\/sk\/2021\/05\/27\/ocenenie-vyznamne-ocenenie-pre-male-a-stredne-podniky-weser-ems-2020-ziskala-firma-schneckenflugel\/#primaryimage\",\"url\":\"https:\/\/schneckenfluegel.de\/sk\/wp-content\/uploads\/sites\/12\/2021\/07\/Zusammenfu\u0308gung_enger_V2-scaled.jpg\",\"contentUrl\":\"https:\/\/schneckenfluegel.de\/sk\/wp-content\/uploads\/sites\/12\/2021\/07\/Zusammenfu\u0308gung_enger_V2-scaled.jpg\",\"width\":2560,\"height\":1594},{\"@type\":\"BreadcrumbList\",\"@id\":\"https:\/\/schneckenfluegel.de\/sk\/2021\/05\/27\/ocenenie-vyznamne-ocenenie-pre-male-a-stredne-podniky-weser-ems-2020-ziskala-firma-schneckenflugel\/#breadcrumb\",\"itemListElement\":[{\"@type\":\"ListItem\",\"position\":1,\"name\":\"Startseite\",\"item\":\"https:\/\/schneckenfluegel.de\/sk\/\"},{\"@type\":\"ListItem\",\"position\":2,\"name\":\"Ocenenie: V\u00fdznamn\u00e9 ocenenie pre mal\u00e9 a stredn\u00e9 podniky Weser-Ems 2020 z\u00edskala firma Schneckenfl\u00fcgel!\"}]},{\"@type\":\"WebSite\",\"@id\":\"https:\/\/schneckenfluegel.de\/sk\/#website\",\"url\":\"https:\/\/schneckenfluegel.de\/sk\/\",\"name\":\"C.E. Schneckenfl\u00fcgel GmbH\",\"description\":\"Slowakisch\",\"potentialAction\":[{\"@type\":\"SearchAction\",\"target\":{\"@type\":\"EntryPoint\",\"urlTemplate\":\"https:\/\/schneckenfluegel.de\/sk\/?s={search_term_string}\"},\"query-input\":{\"@type\":\"PropertyValueSpecification\",\"valueRequired\":true,\"valueName\":\"search_term_string\"}}],\"inLanguage\":\"sk-SK\"},{\"@type\":\"Person\",\"@id\":\"https:\/\/schneckenfluegel.de\/sk\/#\/schema\/person\/5ed543368a0353c1b931d0d34bc32cfd\",\"name\":\"kern\",\"image\":{\"@type\":\"ImageObject\",\"inLanguage\":\"sk-SK\",\"@id\":\"https:\/\/schneckenfluegel.de\/sk\/#\/schema\/person\/image\/\",\"url\":\"https:\/\/secure.gravatar.com\/avatar\/ef8a749a6d9d603f4947122bb48c27b4c0357c60e8085bd57c368f56d0e65b27?s=96&d=mm&r=g\",\"contentUrl\":\"https:\/\/secure.gravatar.com\/avatar\/ef8a749a6d9d603f4947122bb48c27b4c0357c60e8085bd57c368f56d0e65b27?s=96&d=mm&r=g\",\"caption\":\"kern\"},\"url\":\"https:\/\/schneckenfluegel.de\/sk\/author\/kern\/\"}]}<\/script>\n<!-- \/ Yoast SEO plugin. -->","yoast_head_json":{"title":"Ocenenie: V\u00fdznamn\u00e9 ocenenie pre mal\u00e9 a stredn\u00e9 podniky Weser-Ems 2020 z\u00edskala firma Schneckenfl\u00fcgel! - C.E. Schneckenfl\u00fcgel GmbH","robots":{"index":"index","follow":"follow","max-snippet":"max-snippet:-1","max-image-preview":"max-image-preview:large","max-video-preview":"max-video-preview:-1"},"canonical":"https:\/\/schneckenfluegel.de\/sk\/2021\/05\/27\/ocenenie-vyznamne-ocenenie-pre-male-a-stredne-podniky-weser-ems-2020-ziskala-firma-schneckenflugel\/","og_locale":"sk_SK","og_type":"article","og_title":"Ocenenie: V\u00fdznamn\u00e9 ocenenie pre mal\u00e9 a stredn\u00e9 podniky Weser-Ems 2020 z\u00edskala firma Schneckenfl\u00fcgel! - C.E. Schneckenfl\u00fcgel GmbH","og_description":"V\u00a0spolo\u010dnosti Schneckenfl\u00fcgel \u017eijeme efekt\u00edvnos\u0165ou a digitaliz\u00e1ciou! Preto n\u00e1s te\u0161\u00ed, \u017ee sme z\u00edskali ocenenie pre mal\u00e9 a stredn\u00e9 podniky za vzorov\u00fa&hellip;","og_url":"https:\/\/schneckenfluegel.de\/sk\/2021\/05\/27\/ocenenie-vyznamne-ocenenie-pre-male-a-stredne-podniky-weser-ems-2020-ziskala-firma-schneckenflugel\/","og_site_name":"C.E. Schneckenfl\u00fcgel GmbH","article_published_time":"2021-05-27T08:44:25+00:00","article_modified_time":"2021-08-12T09:16:14+00:00","og_image":[{"width":2560,"height":1594,"url":"https:\/\/schneckenfluegel.de\/sk\/wp-content\/uploads\/sites\/12\/2021\/07\/Zusammenfu\u0308gung_enger_V2-scaled.jpg","type":"image\/jpeg"}],"author":"kern","twitter_card":"summary_large_image","twitter_misc":{"Autor":"kern","Predpokladan\u00fd \u010das \u010d\u00edtania":"1 min\u00fata"},"schema":{"@context":"https:\/\/schema.org","@graph":[{"@type":"WebPage","@id":"https:\/\/schneckenfluegel.de\/sk\/2021\/05\/27\/ocenenie-vyznamne-ocenenie-pre-male-a-stredne-podniky-weser-ems-2020-ziskala-firma-schneckenflugel\/","url":"https:\/\/schneckenfluegel.de\/sk\/2021\/05\/27\/ocenenie-vyznamne-ocenenie-pre-male-a-stredne-podniky-weser-ems-2020-ziskala-firma-schneckenflugel\/","name":"Ocenenie: V\u00fdznamn\u00e9 ocenenie pre mal\u00e9 a stredn\u00e9 podniky Weser-Ems 2020 z\u00edskala firma Schneckenfl\u00fcgel! - C.E. Schneckenfl\u00fcgel GmbH","isPartOf":{"@id":"https:\/\/schneckenfluegel.de\/sk\/#website"},"primaryImageOfPage":{"@id":"https:\/\/schneckenfluegel.de\/sk\/2021\/05\/27\/ocenenie-vyznamne-ocenenie-pre-male-a-stredne-podniky-weser-ems-2020-ziskala-firma-schneckenflugel\/#primaryimage"},"image":{"@id":"https:\/\/schneckenfluegel.de\/sk\/2021\/05\/27\/ocenenie-vyznamne-ocenenie-pre-male-a-stredne-podniky-weser-ems-2020-ziskala-firma-schneckenflugel\/#primaryimage"},"thumbnailUrl":"https:\/\/schneckenfluegel.de\/sk\/wp-content\/uploads\/sites\/12\/2021\/07\/Zusammenfu\u0308gung_enger_V2-scaled.jpg","datePublished":"2021-05-27T08:44:25+00:00","dateModified":"2021-08-12T09:16:14+00:00","author":{"@id":"https:\/\/schneckenfluegel.de\/sk\/#\/schema\/person\/5ed543368a0353c1b931d0d34bc32cfd"},"breadcrumb":{"@id":"https:\/\/schneckenfluegel.de\/sk\/2021\/05\/27\/ocenenie-vyznamne-ocenenie-pre-male-a-stredne-podniky-weser-ems-2020-ziskala-firma-schneckenflugel\/#breadcrumb"},"inLanguage":"sk-SK","potentialAction":[{"@type":"ReadAction","target":["https:\/\/schneckenfluegel.de\/sk\/2021\/05\/27\/ocenenie-vyznamne-ocenenie-pre-male-a-stredne-podniky-weser-ems-2020-ziskala-firma-schneckenflugel\/"]}]},{"@type":"ImageObject","inLanguage":"sk-SK","@id":"https:\/\/schneckenfluegel.de\/sk\/2021\/05\/27\/ocenenie-vyznamne-ocenenie-pre-male-a-stredne-podniky-weser-ems-2020-ziskala-firma-schneckenflugel\/#primaryimage","url":"https:\/\/schneckenfluegel.de\/sk\/wp-content\/uploads\/sites\/12\/2021\/07\/Zusammenfu\u0308gung_enger_V2-scaled.jpg","contentUrl":"https:\/\/schneckenfluegel.de\/sk\/wp-content\/uploads\/sites\/12\/2021\/07\/Zusammenfu\u0308gung_enger_V2-scaled.jpg","width":2560,"height":1594},{"@type":"BreadcrumbList","@id":"https:\/\/schneckenfluegel.de\/sk\/2021\/05\/27\/ocenenie-vyznamne-ocenenie-pre-male-a-stredne-podniky-weser-ems-2020-ziskala-firma-schneckenflugel\/#breadcrumb","itemListElement":[{"@type":"ListItem","position":1,"name":"Startseite","item":"https:\/\/schneckenfluegel.de\/sk\/"},{"@type":"ListItem","position":2,"name":"Ocenenie: V\u00fdznamn\u00e9 ocenenie pre mal\u00e9 a stredn\u00e9 podniky Weser-Ems 2020 z\u00edskala firma Schneckenfl\u00fcgel!"}]},{"@type":"WebSite","@id":"https:\/\/schneckenfluegel.de\/sk\/#website","url":"https:\/\/schneckenfluegel.de\/sk\/","name":"C.E. Schneckenfl\u00fcgel GmbH","description":"Slowakisch","potentialAction":[{"@type":"SearchAction","target":{"@type":"EntryPoint","urlTemplate":"https:\/\/schneckenfluegel.de\/sk\/?s={search_term_string}"},"query-input":{"@type":"PropertyValueSpecification","valueRequired":true,"valueName":"search_term_string"}}],"inLanguage":"sk-SK"},{"@type":"Person","@id":"https:\/\/schneckenfluegel.de\/sk\/#\/schema\/person\/5ed543368a0353c1b931d0d34bc32cfd","name":"kern","image":{"@type":"ImageObject","inLanguage":"sk-SK","@id":"https:\/\/schneckenfluegel.de\/sk\/#\/schema\/person\/image\/","url":"https:\/\/secure.gravatar.com\/avatar\/ef8a749a6d9d603f4947122bb48c27b4c0357c60e8085bd57c368f56d0e65b27?s=96&d=mm&r=g","contentUrl":"https:\/\/secure.gravatar.com\/avatar\/ef8a749a6d9d603f4947122bb48c27b4c0357c60e8085bd57c368f56d0e65b27?s=96&d=mm&r=g","caption":"kern"},"url":"https:\/\/schneckenfluegel.de\/sk\/author\/kern\/"}]}},"_links":{"self":[{"href":"https:\/\/schneckenfluegel.de\/sk\/wp-json\/wp\/v2\/posts\/629","targetHints":{"allow":["GET"]}}],"collection":[{"href":"https:\/\/schneckenfluegel.de\/sk\/wp-json\/wp\/v2\/posts"}],"about":[{"href":"https:\/\/schneckenfluegel.de\/sk\/wp-json\/wp\/v2\/types\/post"}],"author":[{"embeddable":true,"href":"https:\/\/schneckenfluegel.de\/sk\/wp-json\/wp\/v2\/users\/7"}],"replies":[{"embeddable":true,"href":"https:\/\/schneckenfluegel.de\/sk\/wp-json\/wp\/v2\/comments?post=629"}],"version-history":[{"count":3,"href":"https:\/\/schneckenfluegel.de\/sk\/wp-json\/wp\/v2\/posts\/629\/revisions"}],"predecessor-version":[{"id":644,"href":"https:\/\/schneckenfluegel.de\/sk\/wp-json\/wp\/v2\/posts\/629\/revisions\/644"}],"wp:featuredmedia":[{"embeddable":true,"href":"https:\/\/schneckenfluegel.de\/sk\/wp-json\/wp\/v2\/media\/624"}],"wp:attachment":[{"href":"https:\/\/schneckenfluegel.de\/sk\/wp-json\/wp\/v2\/media?parent=629"}],"wp:term":[{"taxonomy":"category","embeddable":true,"href":"https:\/\/schneckenfluegel.de\/sk\/wp-json\/wp\/v2\/categories?post=629"},{"taxonomy":"post_tag","embeddable":true,"href":"https:\/\/schneckenfluegel.de\/sk\/wp-json\/wp\/v2\/tags?post=629"}],"curies":[{"name":"wp","href":"https:\/\/api.w.org\/{rel}","templated":true}]}}