{"id":621,"date":"2021-06-01T10:42:38","date_gmt":"2021-06-01T08:42:38","guid":{"rendered":"https:\/\/schneckenfluegel.de\/sk\/?p=621"},"modified":"2021-07-08T10:43:31","modified_gmt":"2021-07-08T08:43:31","slug":"viac-tahu-vdaka-rozlohe-vacsej-o-25","status":"publish","type":"post","link":"https:\/\/schneckenfluegel.de\/sk\/2021\/06\/01\/viac-tahu-vdaka-rozlohe-vacsej-o-25\/","title":{"rendered":"Viac \u0165ahu v\u010faka rozlohe v\u00e4\u010d\u0161ej o\u00a025\u00a0%"},"content":{"rendered":"<p class=\"p1\">Kto s\u013eubuje r\u00fdchlos\u0165 a vysok\u00fa kvalitu, mus\u00ed n\u00e1le\u017eite dba\u0165 aj na svoju v\u00fdrobu.<\/p>\n<p class=\"p1\">Od febru\u00e1ra posilnil nov\u00fd zamestnanec n\u00e1\u0161 t\u00edm na plazmovom rezacom stroji, ktor\u00fd je srdcom na\u0161ej v\u00fdroby. S\u00a0jeho pomocou s\u00fa tvarovan\u00e9 plechy a\u017e do hr\u00fabky 60\u00a0mm.<\/p>\n<p class=\"p1\">Roz\u0161\u00edrenie na\u0161ej v\u00fdrobnej plochy je v\u00a0plnom pr\u00fade. Koncom roka 2020 sme roz\u0161\u00edrili na\u0161u v\u00fdrobn\u00fa plochu o\u00a0500\u00a0metrov \u0161tvorcov\u00fdch. Z\u00a0tohto d\u00f4vodu sa zv\u00e4\u010d\u0161il aj medzisklad a lisovaciu \u010das\u0165 sme doplnili o\u00a0\u010fal\u0161ie stroje.<\/p>\n<p class=\"p1\">Teraz s\u00fa na\u0161e v\u00fdrobn\u00e9 procesy e\u0161te lep\u0161ie a plynulej\u0161ie.<\/p>\n<p class=\"p1\">Od decembra 2020 pracujeme s\u00a0dvojit\u00fdm \u0165ahom v\u00a0dvojzmennej prev\u00e1dzke. Na\u0161e v\u00fdrobn\u00e9 \u010dasy v\u00fdrazne klesli a dodacie lehoty tak m\u00f4\u017eeme v\u00a0bud\u00facnosti op\u00e4\u0165 zr\u00fdchli\u0165.<\/p>\n","protected":false},"excerpt":{"rendered":"<p>Kto s\u013eubuje r\u00fdchlos\u0165 a vysok\u00fa kvalitu, mus\u00ed n\u00e1le\u017eite dba\u0165 aj na svoju v\u00fdrobu. Od febru\u00e1ra posilnil nov\u00fd zamestnanec n\u00e1\u0161 t\u00edm&hellip;<\/p>\n","protected":false},"author":7,"featured_media":622,"comment_status":"open","ping_status":"open","sticky":false,"template":"","format":"standard","meta":{"_acf_changed":false,"footnotes":""},"categories":[1],"tags":[],"class_list":["post-621","post","type-post","status-publish","format-standard","has-post-thumbnail","hentry","category-allgemein"],"acf":[],"yoast_head":"<!-- This site is optimized with the Yoast SEO plugin v26.6 - https:\/\/yoast.com\/wordpress\/plugins\/seo\/ -->\n<title>Viac \u0165ahu v\u010faka rozlohe v\u00e4\u010d\u0161ej o\u00a025\u00a0% - C.E. Schneckenfl\u00fcgel GmbH<\/title>\n<meta name=\"robots\" content=\"index, follow, max-snippet:-1, max-image-preview:large, max-video-preview:-1\" \/>\n<link rel=\"canonical\" href=\"https:\/\/schneckenfluegel.de\/sk\/2021\/06\/01\/viac-tahu-vdaka-rozlohe-vacsej-o-25\/\" \/>\n<meta property=\"og:locale\" content=\"sk_SK\" \/>\n<meta property=\"og:type\" content=\"article\" \/>\n<meta property=\"og:title\" content=\"Viac \u0165ahu v\u010faka rozlohe v\u00e4\u010d\u0161ej o\u00a025\u00a0% - C.E. Schneckenfl\u00fcgel GmbH\" \/>\n<meta property=\"og:description\" content=\"Kto s\u013eubuje r\u00fdchlos\u0165 a vysok\u00fa kvalitu, mus\u00ed n\u00e1le\u017eite dba\u0165 aj na svoju v\u00fdrobu. Od febru\u00e1ra posilnil nov\u00fd zamestnanec n\u00e1\u0161 t\u00edm&hellip;\" \/>\n<meta property=\"og:url\" content=\"https:\/\/schneckenfluegel.de\/sk\/2021\/06\/01\/viac-tahu-vdaka-rozlohe-vacsej-o-25\/\" \/>\n<meta property=\"og:site_name\" content=\"C.E. Schneckenfl\u00fcgel GmbH\" \/>\n<meta property=\"article:published_time\" content=\"2021-06-01T08:42:38+00:00\" \/>\n<meta property=\"article:modified_time\" content=\"2021-07-08T08:43:31+00:00\" \/>\n<meta property=\"og:image\" content=\"https:\/\/schneckenfluegel.de\/sk\/wp-content\/uploads\/sites\/12\/2021\/07\/Ausbau-Produktion.jpg\" \/>\n\t<meta property=\"og:image:width\" content=\"1279\" \/>\n\t<meta property=\"og:image:height\" content=\"796\" \/>\n\t<meta property=\"og:image:type\" content=\"image\/jpeg\" \/>\n<meta name=\"author\" content=\"kern\" \/>\n<meta name=\"twitter:card\" content=\"summary_large_image\" \/>\n<meta name=\"twitter:label1\" content=\"Autor\" \/>\n\t<meta name=\"twitter:data1\" content=\"kern\" \/>\n\t<meta name=\"twitter:label2\" content=\"Predpokladan\u00fd \u010das \u010d\u00edtania\" \/>\n\t<meta name=\"twitter:data2\" content=\"1 min\u00fata\" \/>\n<script type=\"application\/ld+json\" class=\"yoast-schema-graph\">{\"@context\":\"https:\/\/schema.org\",\"@graph\":[{\"@type\":\"WebPage\",\"@id\":\"https:\/\/schneckenfluegel.de\/sk\/2021\/06\/01\/viac-tahu-vdaka-rozlohe-vacsej-o-25\/\",\"url\":\"https:\/\/schneckenfluegel.de\/sk\/2021\/06\/01\/viac-tahu-vdaka-rozlohe-vacsej-o-25\/\",\"name\":\"Viac \u0165ahu v\u010faka rozlohe v\u00e4\u010d\u0161ej o\u00a025\u00a0% - C.E. Schneckenfl\u00fcgel GmbH\",\"isPartOf\":{\"@id\":\"https:\/\/schneckenfluegel.de\/sk\/#website\"},\"primaryImageOfPage\":{\"@id\":\"https:\/\/schneckenfluegel.de\/sk\/2021\/06\/01\/viac-tahu-vdaka-rozlohe-vacsej-o-25\/#primaryimage\"},\"image\":{\"@id\":\"https:\/\/schneckenfluegel.de\/sk\/2021\/06\/01\/viac-tahu-vdaka-rozlohe-vacsej-o-25\/#primaryimage\"},\"thumbnailUrl\":\"https:\/\/schneckenfluegel.de\/sk\/wp-content\/uploads\/sites\/12\/2021\/07\/Ausbau-Produktion.jpg\",\"datePublished\":\"2021-06-01T08:42:38+00:00\",\"dateModified\":\"2021-07-08T08:43:31+00:00\",\"author\":{\"@id\":\"https:\/\/schneckenfluegel.de\/sk\/#\/schema\/person\/5ed543368a0353c1b931d0d34bc32cfd\"},\"breadcrumb\":{\"@id\":\"https:\/\/schneckenfluegel.de\/sk\/2021\/06\/01\/viac-tahu-vdaka-rozlohe-vacsej-o-25\/#breadcrumb\"},\"inLanguage\":\"sk-SK\",\"potentialAction\":[{\"@type\":\"ReadAction\",\"target\":[\"https:\/\/schneckenfluegel.de\/sk\/2021\/06\/01\/viac-tahu-vdaka-rozlohe-vacsej-o-25\/\"]}]},{\"@type\":\"ImageObject\",\"inLanguage\":\"sk-SK\",\"@id\":\"https:\/\/schneckenfluegel.de\/sk\/2021\/06\/01\/viac-tahu-vdaka-rozlohe-vacsej-o-25\/#primaryimage\",\"url\":\"https:\/\/schneckenfluegel.de\/sk\/wp-content\/uploads\/sites\/12\/2021\/07\/Ausbau-Produktion.jpg\",\"contentUrl\":\"https:\/\/schneckenfluegel.de\/sk\/wp-content\/uploads\/sites\/12\/2021\/07\/Ausbau-Produktion.jpg\",\"width\":1279,\"height\":796},{\"@type\":\"BreadcrumbList\",\"@id\":\"https:\/\/schneckenfluegel.de\/sk\/2021\/06\/01\/viac-tahu-vdaka-rozlohe-vacsej-o-25\/#breadcrumb\",\"itemListElement\":[{\"@type\":\"ListItem\",\"position\":1,\"name\":\"Startseite\",\"item\":\"https:\/\/schneckenfluegel.de\/sk\/\"},{\"@type\":\"ListItem\",\"position\":2,\"name\":\"Viac \u0165ahu v\u010faka rozlohe v\u00e4\u010d\u0161ej o\u00a025\u00a0%\"}]},{\"@type\":\"WebSite\",\"@id\":\"https:\/\/schneckenfluegel.de\/sk\/#website\",\"url\":\"https:\/\/schneckenfluegel.de\/sk\/\",\"name\":\"C.E. Schneckenfl\u00fcgel GmbH\",\"description\":\"Slowakisch\",\"potentialAction\":[{\"@type\":\"SearchAction\",\"target\":{\"@type\":\"EntryPoint\",\"urlTemplate\":\"https:\/\/schneckenfluegel.de\/sk\/?s={search_term_string}\"},\"query-input\":{\"@type\":\"PropertyValueSpecification\",\"valueRequired\":true,\"valueName\":\"search_term_string\"}}],\"inLanguage\":\"sk-SK\"},{\"@type\":\"Person\",\"@id\":\"https:\/\/schneckenfluegel.de\/sk\/#\/schema\/person\/5ed543368a0353c1b931d0d34bc32cfd\",\"name\":\"kern\",\"image\":{\"@type\":\"ImageObject\",\"inLanguage\":\"sk-SK\",\"@id\":\"https:\/\/schneckenfluegel.de\/sk\/#\/schema\/person\/image\/\",\"url\":\"https:\/\/secure.gravatar.com\/avatar\/ef8a749a6d9d603f4947122bb48c27b4c0357c60e8085bd57c368f56d0e65b27?s=96&d=mm&r=g\",\"contentUrl\":\"https:\/\/secure.gravatar.com\/avatar\/ef8a749a6d9d603f4947122bb48c27b4c0357c60e8085bd57c368f56d0e65b27?s=96&d=mm&r=g\",\"caption\":\"kern\"},\"url\":\"https:\/\/schneckenfluegel.de\/sk\/author\/kern\/\"}]}<\/script>\n<!-- \/ Yoast SEO plugin. -->","yoast_head_json":{"title":"Viac \u0165ahu v\u010faka rozlohe v\u00e4\u010d\u0161ej o\u00a025\u00a0% - C.E. Schneckenfl\u00fcgel GmbH","robots":{"index":"index","follow":"follow","max-snippet":"max-snippet:-1","max-image-preview":"max-image-preview:large","max-video-preview":"max-video-preview:-1"},"canonical":"https:\/\/schneckenfluegel.de\/sk\/2021\/06\/01\/viac-tahu-vdaka-rozlohe-vacsej-o-25\/","og_locale":"sk_SK","og_type":"article","og_title":"Viac \u0165ahu v\u010faka rozlohe v\u00e4\u010d\u0161ej o\u00a025\u00a0% - C.E. Schneckenfl\u00fcgel GmbH","og_description":"Kto s\u013eubuje r\u00fdchlos\u0165 a vysok\u00fa kvalitu, mus\u00ed n\u00e1le\u017eite dba\u0165 aj na svoju v\u00fdrobu. Od febru\u00e1ra posilnil nov\u00fd zamestnanec n\u00e1\u0161 t\u00edm&hellip;","og_url":"https:\/\/schneckenfluegel.de\/sk\/2021\/06\/01\/viac-tahu-vdaka-rozlohe-vacsej-o-25\/","og_site_name":"C.E. Schneckenfl\u00fcgel GmbH","article_published_time":"2021-06-01T08:42:38+00:00","article_modified_time":"2021-07-08T08:43:31+00:00","og_image":[{"width":1279,"height":796,"url":"https:\/\/schneckenfluegel.de\/sk\/wp-content\/uploads\/sites\/12\/2021\/07\/Ausbau-Produktion.jpg","type":"image\/jpeg"}],"author":"kern","twitter_card":"summary_large_image","twitter_misc":{"Autor":"kern","Predpokladan\u00fd \u010das \u010d\u00edtania":"1 min\u00fata"},"schema":{"@context":"https:\/\/schema.org","@graph":[{"@type":"WebPage","@id":"https:\/\/schneckenfluegel.de\/sk\/2021\/06\/01\/viac-tahu-vdaka-rozlohe-vacsej-o-25\/","url":"https:\/\/schneckenfluegel.de\/sk\/2021\/06\/01\/viac-tahu-vdaka-rozlohe-vacsej-o-25\/","name":"Viac \u0165ahu v\u010faka rozlohe v\u00e4\u010d\u0161ej o\u00a025\u00a0% - C.E. Schneckenfl\u00fcgel GmbH","isPartOf":{"@id":"https:\/\/schneckenfluegel.de\/sk\/#website"},"primaryImageOfPage":{"@id":"https:\/\/schneckenfluegel.de\/sk\/2021\/06\/01\/viac-tahu-vdaka-rozlohe-vacsej-o-25\/#primaryimage"},"image":{"@id":"https:\/\/schneckenfluegel.de\/sk\/2021\/06\/01\/viac-tahu-vdaka-rozlohe-vacsej-o-25\/#primaryimage"},"thumbnailUrl":"https:\/\/schneckenfluegel.de\/sk\/wp-content\/uploads\/sites\/12\/2021\/07\/Ausbau-Produktion.jpg","datePublished":"2021-06-01T08:42:38+00:00","dateModified":"2021-07-08T08:43:31+00:00","author":{"@id":"https:\/\/schneckenfluegel.de\/sk\/#\/schema\/person\/5ed543368a0353c1b931d0d34bc32cfd"},"breadcrumb":{"@id":"https:\/\/schneckenfluegel.de\/sk\/2021\/06\/01\/viac-tahu-vdaka-rozlohe-vacsej-o-25\/#breadcrumb"},"inLanguage":"sk-SK","potentialAction":[{"@type":"ReadAction","target":["https:\/\/schneckenfluegel.de\/sk\/2021\/06\/01\/viac-tahu-vdaka-rozlohe-vacsej-o-25\/"]}]},{"@type":"ImageObject","inLanguage":"sk-SK","@id":"https:\/\/schneckenfluegel.de\/sk\/2021\/06\/01\/viac-tahu-vdaka-rozlohe-vacsej-o-25\/#primaryimage","url":"https:\/\/schneckenfluegel.de\/sk\/wp-content\/uploads\/sites\/12\/2021\/07\/Ausbau-Produktion.jpg","contentUrl":"https:\/\/schneckenfluegel.de\/sk\/wp-content\/uploads\/sites\/12\/2021\/07\/Ausbau-Produktion.jpg","width":1279,"height":796},{"@type":"BreadcrumbList","@id":"https:\/\/schneckenfluegel.de\/sk\/2021\/06\/01\/viac-tahu-vdaka-rozlohe-vacsej-o-25\/#breadcrumb","itemListElement":[{"@type":"ListItem","position":1,"name":"Startseite","item":"https:\/\/schneckenfluegel.de\/sk\/"},{"@type":"ListItem","position":2,"name":"Viac \u0165ahu v\u010faka rozlohe v\u00e4\u010d\u0161ej o\u00a025\u00a0%"}]},{"@type":"WebSite","@id":"https:\/\/schneckenfluegel.de\/sk\/#website","url":"https:\/\/schneckenfluegel.de\/sk\/","name":"C.E. Schneckenfl\u00fcgel GmbH","description":"Slowakisch","potentialAction":[{"@type":"SearchAction","target":{"@type":"EntryPoint","urlTemplate":"https:\/\/schneckenfluegel.de\/sk\/?s={search_term_string}"},"query-input":{"@type":"PropertyValueSpecification","valueRequired":true,"valueName":"search_term_string"}}],"inLanguage":"sk-SK"},{"@type":"Person","@id":"https:\/\/schneckenfluegel.de\/sk\/#\/schema\/person\/5ed543368a0353c1b931d0d34bc32cfd","name":"kern","image":{"@type":"ImageObject","inLanguage":"sk-SK","@id":"https:\/\/schneckenfluegel.de\/sk\/#\/schema\/person\/image\/","url":"https:\/\/secure.gravatar.com\/avatar\/ef8a749a6d9d603f4947122bb48c27b4c0357c60e8085bd57c368f56d0e65b27?s=96&d=mm&r=g","contentUrl":"https:\/\/secure.gravatar.com\/avatar\/ef8a749a6d9d603f4947122bb48c27b4c0357c60e8085bd57c368f56d0e65b27?s=96&d=mm&r=g","caption":"kern"},"url":"https:\/\/schneckenfluegel.de\/sk\/author\/kern\/"}]}},"_links":{"self":[{"href":"https:\/\/schneckenfluegel.de\/sk\/wp-json\/wp\/v2\/posts\/621","targetHints":{"allow":["GET"]}}],"collection":[{"href":"https:\/\/schneckenfluegel.de\/sk\/wp-json\/wp\/v2\/posts"}],"about":[{"href":"https:\/\/schneckenfluegel.de\/sk\/wp-json\/wp\/v2\/types\/post"}],"author":[{"embeddable":true,"href":"https:\/\/schneckenfluegel.de\/sk\/wp-json\/wp\/v2\/users\/7"}],"replies":[{"embeddable":true,"href":"https:\/\/schneckenfluegel.de\/sk\/wp-json\/wp\/v2\/comments?post=621"}],"version-history":[{"count":2,"href":"https:\/\/schneckenfluegel.de\/sk\/wp-json\/wp\/v2\/posts\/621\/revisions"}],"predecessor-version":[{"id":647,"href":"https:\/\/schneckenfluegel.de\/sk\/wp-json\/wp\/v2\/posts\/621\/revisions\/647"}],"wp:featuredmedia":[{"embeddable":true,"href":"https:\/\/schneckenfluegel.de\/sk\/wp-json\/wp\/v2\/media\/622"}],"wp:attachment":[{"href":"https:\/\/schneckenfluegel.de\/sk\/wp-json\/wp\/v2\/media?parent=621"}],"wp:term":[{"taxonomy":"category","embeddable":true,"href":"https:\/\/schneckenfluegel.de\/sk\/wp-json\/wp\/v2\/categories?post=621"},{"taxonomy":"post_tag","embeddable":true,"href":"https:\/\/schneckenfluegel.de\/sk\/wp-json\/wp\/v2\/tags?post=621"}],"curies":[{"name":"wp","href":"https:\/\/api.w.org\/{rel}","templated":true}]}}