{"id":52,"date":"2017-05-05T11:47:39","date_gmt":"2017-05-05T09:47:39","guid":{"rendered":"https:\/\/dev-deuxundmeister.de\/schneckenfluegel\/de\/?p=52"},"modified":"2018-12-11T15:28:15","modified_gmt":"2018-12-11T14:28:15","slug":"neue-plasmaschneidanlage","status":"publish","type":"post","link":"https:\/\/schneckenfluegel.de\/de\/2017\/05\/05\/neue-plasmaschneidanlage\/","title":{"rendered":"Neue Plasmaschneidanlage"},"content":{"rendered":"<p class=\"p1\">Nach der Renovierung unseres Geb\u00e4udes ist die Installation einer Plasmaschneidanlage jetzt abgeschlossen. Um unseren Kunden eine schnelle und verbindliche Lieferung anbieten zu k\u00f6nnen, haben wir uns entschlossen in eine neue Plasmaschneidanlage zu investieren.<\/p>\n<p class=\"p1\">Die Rondenzuschnitte werden jetzt optimal mit m\u00f6glichst wenig Verschnitt wirtschaftlich verschachtelt. Anschliessend k\u00f6nnen Blechdicken bis zu 40 mm St\u00e4rke in Bau-, Sonder- und Edelstahl pr\u00e4zise verarbeitet werden.<\/p>\n<p class=\"p1\">Durch unser vorgeschaltetes Blechlager sind wir auch in der Lage Schnellsch\u00fcsse zu liefern. Kaputt geht immer mal wieder etwas und repariert werden muss es auch sofort. Durch unseren Expressservice k\u00f6nnen wir alle Bleche bis 40 mm sofort schneiden und zu Schneckenfl\u00fcgeln pressen. Direkter geht es nicht.<\/p>\n","protected":false},"excerpt":{"rendered":"<p>Nach der Renovierung unseres Geb\u00e4udes ist die Installation einer Plasmaschneidanlage jetzt abgeschlossen. Um unseren Kunden eine schnelle und verbindliche Lieferung&hellip;<\/p>\n","protected":false},"author":1,"featured_media":258,"comment_status":"open","ping_status":"open","sticky":false,"template":"","format":"standard","meta":{"_acf_changed":false,"footnotes":""},"categories":[1],"tags":[],"class_list":["post-52","post","type-post","status-publish","format-standard","has-post-thumbnail","hentry","category-allgemein"],"acf":[],"yoast_head":"<!-- This site is optimized with the Yoast SEO plugin v26.6 - https:\/\/yoast.com\/wordpress\/plugins\/seo\/ -->\n<title>Neue Plasmaschneidanlage - C.E. Schneckenfl\u00fcgel GmbH<\/title>\n<meta name=\"robots\" content=\"index, follow, max-snippet:-1, max-image-preview:large, max-video-preview:-1\" \/>\n<link rel=\"canonical\" href=\"https:\/\/schneckenfluegel.de\/de\/2017\/05\/05\/neue-plasmaschneidanlage\/\" \/>\n<meta property=\"og:locale\" content=\"de_DE\" \/>\n<meta property=\"og:type\" content=\"article\" \/>\n<meta property=\"og:title\" content=\"Neue Plasmaschneidanlage - C.E. Schneckenfl\u00fcgel GmbH\" \/>\n<meta property=\"og:description\" content=\"Nach der Renovierung unseres Geb\u00e4udes ist die Installation einer Plasmaschneidanlage jetzt abgeschlossen. Um unseren Kunden eine schnelle und verbindliche Lieferung&hellip;\" \/>\n<meta property=\"og:url\" content=\"https:\/\/schneckenfluegel.de\/de\/2017\/05\/05\/neue-plasmaschneidanlage\/\" \/>\n<meta property=\"og:site_name\" content=\"C.E. Schneckenfl\u00fcgel GmbH\" \/>\n<meta property=\"article:published_time\" content=\"2017-05-05T09:47:39+00:00\" \/>\n<meta property=\"article:modified_time\" content=\"2018-12-11T14:28:15+00:00\" \/>\n<meta property=\"og:image\" content=\"https:\/\/schneckenfluegel.de\/de\/wp-content\/uploads\/sites\/2\/2018\/10\/news-dummy.jpg\" \/>\n\t<meta property=\"og:image:width\" content=\"1387\" \/>\n\t<meta property=\"og:image:height\" content=\"924\" \/>\n\t<meta property=\"og:image:type\" content=\"image\/jpeg\" \/>\n<meta name=\"author\" content=\"ddeux\" \/>\n<meta name=\"twitter:card\" content=\"summary_large_image\" \/>\n<meta name=\"twitter:label1\" content=\"Verfasst von\" \/>\n\t<meta name=\"twitter:data1\" content=\"ddeux\" \/>\n\t<meta name=\"twitter:label2\" content=\"Gesch\u00e4tzte Lesezeit\" \/>\n\t<meta name=\"twitter:data2\" content=\"1\u00a0Minute\" \/>\n<script type=\"application\/ld+json\" class=\"yoast-schema-graph\">{\"@context\":\"https:\/\/schema.org\",\"@graph\":[{\"@type\":\"WebPage\",\"@id\":\"https:\/\/schneckenfluegel.de\/de\/2017\/05\/05\/neue-plasmaschneidanlage\/\",\"url\":\"https:\/\/schneckenfluegel.de\/de\/2017\/05\/05\/neue-plasmaschneidanlage\/\",\"name\":\"Neue Plasmaschneidanlage - C.E. Schneckenfl\u00fcgel GmbH\",\"isPartOf\":{\"@id\":\"https:\/\/schneckenfluegel.de\/de\/#website\"},\"primaryImageOfPage\":{\"@id\":\"https:\/\/schneckenfluegel.de\/de\/2017\/05\/05\/neue-plasmaschneidanlage\/#primaryimage\"},\"image\":{\"@id\":\"https:\/\/schneckenfluegel.de\/de\/2017\/05\/05\/neue-plasmaschneidanlage\/#primaryimage\"},\"thumbnailUrl\":\"https:\/\/schneckenfluegel.de\/de\/wp-content\/uploads\/sites\/2\/2018\/10\/news-dummy.jpg\",\"datePublished\":\"2017-05-05T09:47:39+00:00\",\"dateModified\":\"2018-12-11T14:28:15+00:00\",\"author\":{\"@id\":\"https:\/\/schneckenfluegel.de\/de\/#\/schema\/person\/e560ad7e62a69efda443590bbbf3afc0\"},\"breadcrumb\":{\"@id\":\"https:\/\/schneckenfluegel.de\/de\/2017\/05\/05\/neue-plasmaschneidanlage\/#breadcrumb\"},\"inLanguage\":\"de\",\"potentialAction\":[{\"@type\":\"ReadAction\",\"target\":[\"https:\/\/schneckenfluegel.de\/de\/2017\/05\/05\/neue-plasmaschneidanlage\/\"]}]},{\"@type\":\"ImageObject\",\"inLanguage\":\"de\",\"@id\":\"https:\/\/schneckenfluegel.de\/de\/2017\/05\/05\/neue-plasmaschneidanlage\/#primaryimage\",\"url\":\"https:\/\/schneckenfluegel.de\/de\/wp-content\/uploads\/sites\/2\/2018\/10\/news-dummy.jpg\",\"contentUrl\":\"https:\/\/schneckenfluegel.de\/de\/wp-content\/uploads\/sites\/2\/2018\/10\/news-dummy.jpg\",\"width\":1387,\"height\":924},{\"@type\":\"BreadcrumbList\",\"@id\":\"https:\/\/schneckenfluegel.de\/de\/2017\/05\/05\/neue-plasmaschneidanlage\/#breadcrumb\",\"itemListElement\":[{\"@type\":\"ListItem\",\"position\":1,\"name\":\"Startseite\",\"item\":\"https:\/\/schneckenfluegel.de\/de\/\"},{\"@type\":\"ListItem\",\"position\":2,\"name\":\"Neue Plasmaschneidanlage\"}]},{\"@type\":\"WebSite\",\"@id\":\"https:\/\/schneckenfluegel.de\/de\/#website\",\"url\":\"https:\/\/schneckenfluegel.de\/de\/\",\"name\":\"C.E. Schneckenfl\u00fcgel GmbH\",\"description\":\"Schneckenfl\u00fcgel vom Hersteller\",\"potentialAction\":[{\"@type\":\"SearchAction\",\"target\":{\"@type\":\"EntryPoint\",\"urlTemplate\":\"https:\/\/schneckenfluegel.de\/de\/?s={search_term_string}\"},\"query-input\":{\"@type\":\"PropertyValueSpecification\",\"valueRequired\":true,\"valueName\":\"search_term_string\"}}],\"inLanguage\":\"de\"},{\"@type\":\"Person\",\"@id\":\"https:\/\/schneckenfluegel.de\/de\/#\/schema\/person\/e560ad7e62a69efda443590bbbf3afc0\",\"name\":\"ddeux\",\"url\":\"https:\/\/schneckenfluegel.de\/de\/author\/ddeux\/\"}]}<\/script>\n<!-- \/ Yoast SEO plugin. -->","yoast_head_json":{"title":"Neue Plasmaschneidanlage - C.E. Schneckenfl\u00fcgel GmbH","robots":{"index":"index","follow":"follow","max-snippet":"max-snippet:-1","max-image-preview":"max-image-preview:large","max-video-preview":"max-video-preview:-1"},"canonical":"https:\/\/schneckenfluegel.de\/de\/2017\/05\/05\/neue-plasmaschneidanlage\/","og_locale":"de_DE","og_type":"article","og_title":"Neue Plasmaschneidanlage - C.E. Schneckenfl\u00fcgel GmbH","og_description":"Nach der Renovierung unseres Geb\u00e4udes ist die Installation einer Plasmaschneidanlage jetzt abgeschlossen. Um unseren Kunden eine schnelle und verbindliche Lieferung&hellip;","og_url":"https:\/\/schneckenfluegel.de\/de\/2017\/05\/05\/neue-plasmaschneidanlage\/","og_site_name":"C.E. Schneckenfl\u00fcgel GmbH","article_published_time":"2017-05-05T09:47:39+00:00","article_modified_time":"2018-12-11T14:28:15+00:00","og_image":[{"width":1387,"height":924,"url":"https:\/\/schneckenfluegel.de\/de\/wp-content\/uploads\/sites\/2\/2018\/10\/news-dummy.jpg","type":"image\/jpeg"}],"author":"ddeux","twitter_card":"summary_large_image","twitter_misc":{"Verfasst von":"ddeux","Gesch\u00e4tzte Lesezeit":"1\u00a0Minute"},"schema":{"@context":"https:\/\/schema.org","@graph":[{"@type":"WebPage","@id":"https:\/\/schneckenfluegel.de\/de\/2017\/05\/05\/neue-plasmaschneidanlage\/","url":"https:\/\/schneckenfluegel.de\/de\/2017\/05\/05\/neue-plasmaschneidanlage\/","name":"Neue Plasmaschneidanlage - C.E. Schneckenfl\u00fcgel GmbH","isPartOf":{"@id":"https:\/\/schneckenfluegel.de\/de\/#website"},"primaryImageOfPage":{"@id":"https:\/\/schneckenfluegel.de\/de\/2017\/05\/05\/neue-plasmaschneidanlage\/#primaryimage"},"image":{"@id":"https:\/\/schneckenfluegel.de\/de\/2017\/05\/05\/neue-plasmaschneidanlage\/#primaryimage"},"thumbnailUrl":"https:\/\/schneckenfluegel.de\/de\/wp-content\/uploads\/sites\/2\/2018\/10\/news-dummy.jpg","datePublished":"2017-05-05T09:47:39+00:00","dateModified":"2018-12-11T14:28:15+00:00","author":{"@id":"https:\/\/schneckenfluegel.de\/de\/#\/schema\/person\/e560ad7e62a69efda443590bbbf3afc0"},"breadcrumb":{"@id":"https:\/\/schneckenfluegel.de\/de\/2017\/05\/05\/neue-plasmaschneidanlage\/#breadcrumb"},"inLanguage":"de","potentialAction":[{"@type":"ReadAction","target":["https:\/\/schneckenfluegel.de\/de\/2017\/05\/05\/neue-plasmaschneidanlage\/"]}]},{"@type":"ImageObject","inLanguage":"de","@id":"https:\/\/schneckenfluegel.de\/de\/2017\/05\/05\/neue-plasmaschneidanlage\/#primaryimage","url":"https:\/\/schneckenfluegel.de\/de\/wp-content\/uploads\/sites\/2\/2018\/10\/news-dummy.jpg","contentUrl":"https:\/\/schneckenfluegel.de\/de\/wp-content\/uploads\/sites\/2\/2018\/10\/news-dummy.jpg","width":1387,"height":924},{"@type":"BreadcrumbList","@id":"https:\/\/schneckenfluegel.de\/de\/2017\/05\/05\/neue-plasmaschneidanlage\/#breadcrumb","itemListElement":[{"@type":"ListItem","position":1,"name":"Startseite","item":"https:\/\/schneckenfluegel.de\/de\/"},{"@type":"ListItem","position":2,"name":"Neue Plasmaschneidanlage"}]},{"@type":"WebSite","@id":"https:\/\/schneckenfluegel.de\/de\/#website","url":"https:\/\/schneckenfluegel.de\/de\/","name":"C.E. Schneckenfl\u00fcgel GmbH","description":"Schneckenfl\u00fcgel vom Hersteller","potentialAction":[{"@type":"SearchAction","target":{"@type":"EntryPoint","urlTemplate":"https:\/\/schneckenfluegel.de\/de\/?s={search_term_string}"},"query-input":{"@type":"PropertyValueSpecification","valueRequired":true,"valueName":"search_term_string"}}],"inLanguage":"de"},{"@type":"Person","@id":"https:\/\/schneckenfluegel.de\/de\/#\/schema\/person\/e560ad7e62a69efda443590bbbf3afc0","name":"ddeux","url":"https:\/\/schneckenfluegel.de\/de\/author\/ddeux\/"}]}},"_links":{"self":[{"href":"https:\/\/schneckenfluegel.de\/de\/wp-json\/wp\/v2\/posts\/52","targetHints":{"allow":["GET"]}}],"collection":[{"href":"https:\/\/schneckenfluegel.de\/de\/wp-json\/wp\/v2\/posts"}],"about":[{"href":"https:\/\/schneckenfluegel.de\/de\/wp-json\/wp\/v2\/types\/post"}],"author":[{"embeddable":true,"href":"https:\/\/schneckenfluegel.de\/de\/wp-json\/wp\/v2\/users\/1"}],"replies":[{"embeddable":true,"href":"https:\/\/schneckenfluegel.de\/de\/wp-json\/wp\/v2\/comments?post=52"}],"version-history":[{"count":2,"href":"https:\/\/schneckenfluegel.de\/de\/wp-json\/wp\/v2\/posts\/52\/revisions"}],"predecessor-version":[{"id":346,"href":"https:\/\/schneckenfluegel.de\/de\/wp-json\/wp\/v2\/posts\/52\/revisions\/346"}],"wp:featuredmedia":[{"embeddable":true,"href":"https:\/\/schneckenfluegel.de\/de\/wp-json\/wp\/v2\/media\/258"}],"wp:attachment":[{"href":"https:\/\/schneckenfluegel.de\/de\/wp-json\/wp\/v2\/media?parent=52"}],"wp:term":[{"taxonomy":"category","embeddable":true,"href":"https:\/\/schneckenfluegel.de\/de\/wp-json\/wp\/v2\/categories?post=52"},{"taxonomy":"post_tag","embeddable":true,"href":"https:\/\/schneckenfluegel.de\/de\/wp-json\/wp\/v2\/tags?post=52"}],"curies":[{"name":"wp","href":"https:\/\/api.w.org\/{rel}","templated":true}]}}