{"id":3005,"date":"2022-11-24T11:55:45","date_gmt":"2022-11-24T10:55:45","guid":{"rendered":"https:\/\/schneckenfluegel.de\/de\/?p=3005"},"modified":"2022-11-28T15:09:59","modified_gmt":"2022-11-28T14:09:59","slug":"an-die-fase-gedacht","status":"publish","type":"post","link":"https:\/\/schneckenfluegel.de\/de\/2022\/11\/24\/an-die-fase-gedacht\/","title":{"rendered":"An die Fase gedacht?"},"content":{"rendered":"<p><span style=\"color: #ff9900;\"><strong>Neues aus der Produktion:<\/strong><\/span><\/p>\n<p>Ob als Erdbohrer, in einer Schneefr\u00e4se oder zur Feindosierung von Gew\u00fcrzen in der Lebensmittelherstellung: Schnecken werden im Anlagenbau f\u00fcr ganz unterschiedliche Zwecke eingesetzt. Entsprechend vielf\u00e4ltig sind die jeweiligen Spezifikationen, die wir in der Herstellung unserer Schneckenfl\u00fcgelsegmente umsetzen.<\/p>\n<p>Eine Vielzahl von Varianten wird dabei zunehmend mit abgeschr\u00e4gter Kante bestellt. Diese \u201egebrochene\u201c Kante wird in der Metallverarbeitung als Fase bezeichnet, ihre Herstellung als \u201eAnfasen\u201c. Nicht jede Verbindung ben\u00f6tigt eine Fase. Aber wenn eine stabile Naht gew\u00fcnscht ist \u2013 z.B. bei einer Tunnelbohrmaschine, die enormen Kr\u00e4ften ausgesetzt ist \u2013 wird auf Fasen gesetzt. Vor allem zur Schwei\u00dfnahtvorbereitung ist das Anfasen einzelner Bauteile wichtig. Dar\u00fcber hinaus hat die Fase am Schneckenfl\u00fcgel oft auch weitere Funktionen, zum Beispiel als Schnittkante.<\/p>\n<p><span style=\"color: #ff9900;\"><strong>Warum lohnt sich der Fasenschnitt?<\/strong><\/span><\/p>\n<p>Im Maschinenbau ist das Anfasen von Bauteilen je nach Material anstrengend und kostenintensiv. Auch heute noch nutzen viele Unternehmen aufwendige Verfahren wie das Schleifen von Hand, um die Fase nach dem Zuschnitt an das Bauteil anzubringen.<\/p>\n<p>Doch gerade bei einer Form wie dem Schneckenfl\u00fcgel ist das nachtr\u00e4gliche Bearbeiten sperrig und unhandlich. Hinzu kommt oft die immense Materialst\u00e4rke, die ein manuelles Bearbeiten in der gew\u00fcnschten Pr\u00e4zision nahezu unm\u00f6glich macht. Moderne Schneideanlagen ersparen die nachtr\u00e4gliche Bearbeitung der Bauteile und liefern schnell pr\u00e4zise und saubere Ergebnisse schon beim Zuschnitt.<\/p>\n<p><span style=\"color: #ff9900;\"><strong>Wir machen das f\u00fcr Sie!<\/strong><\/span><\/p>\n<p>F\u00fcr C.E. Schneckenfl\u00fcgel ist das Anfasen kein Problem. Wie in allen Produktionsbereichen setzen wir auch hier auf Automation und Digitalisierung zur Prozessoptimierung. Unsere hochmoderne ZINSER Schneideanlage f\u00fchrt die Fase bereits beim Zuschnitt des Schneckenfl\u00fcgels aus. Pr\u00e4zise, schnell und kosteneffizient. Noch vor einigen Jahren waren derart komplexe Schnittmuster gar nicht m\u00f6glich, denn die Rechenleistung vieler Maschinen war zu gering. Doch dank des schwenkbaren 3D-Fasenkopfes in unserem Plasmaschneider sind bei C.E. Schneckenfl\u00fcgel auch Schnitte im Innen- und Au\u00dfendurchmesser m\u00f6glich. Unseren Kunden bieten wir damit einen wichtigen Service, der gerade in Zeiten von Mitarbeitermangel und steigenden Lohnkosten Zeit und Geld spart.<\/p>\n<p><span style=\"color: #ff9900;\"><strong>Was ist bei Ihnen grade \u201eFase\u201c? <\/strong><\/span><\/p>\n<p>Haben Sie Fragen zum Fasenschnitt? Wir unterst\u00fctzen Sie gerne und beraten, auch anhand Ihrer Zeichnungen, wann ein Fase sinnvoll w\u00e4re. Und wenn Sie bereits im Vorfeld wissen, dass die Kante Ihrer Schneckenfl\u00fcgel eine Fase bekommen soll, k\u00f6nnen wir dies im Zuschnitt umsetzen und Ihnen diesen aufw\u00e4ndigen und kostenintensiven Arbeitsschritt bereits in der Produktion abnehmen. \u00dcbrigens: Damit Sie die Fase auch bei Ihrem Auftrag nicht aus den Augen verlieren, bietet unser Online-Bestellformular bald auch die M\u00f6glichkeit, Fasenschnitte nach Ma\u00df anzugeben!<\/p>\n<p><a href=\"https:\/\/schneckenfluegel.de\/de\/kontakt\/\">Sprechen Sie uns an!<\/a><\/p>\n","protected":false},"excerpt":{"rendered":"<p>Neues aus der Produktion: Ob als Erdbohrer, in einer Schneefr\u00e4se oder zur Feindosierung von Gew\u00fcrzen in der Lebensmittelherstellung: Schnecken werden&hellip;<\/p>\n","protected":false},"author":7,"featured_media":3006,"comment_status":"closed","ping_status":"open","sticky":false,"template":"","format":"standard","meta":{"_acf_changed":false,"footnotes":""},"categories":[1],"tags":[],"class_list":["post-3005","post","type-post","status-publish","format-standard","has-post-thumbnail","hentry","category-allgemein"],"acf":[],"yoast_head":"<!-- This site is optimized with the Yoast SEO plugin v26.6 - https:\/\/yoast.com\/wordpress\/plugins\/seo\/ -->\n<title>An die Fase gedacht? - C.E. Schneckenfl\u00fcgel GmbH<\/title>\n<meta name=\"robots\" content=\"index, follow, max-snippet:-1, max-image-preview:large, max-video-preview:-1\" \/>\n<link rel=\"canonical\" href=\"https:\/\/schneckenfluegel.de\/de\/2022\/11\/24\/an-die-fase-gedacht\/\" \/>\n<meta property=\"og:locale\" content=\"de_DE\" \/>\n<meta property=\"og:type\" content=\"article\" \/>\n<meta property=\"og:title\" content=\"An die Fase gedacht? - C.E. Schneckenfl\u00fcgel GmbH\" \/>\n<meta property=\"og:description\" content=\"Neues aus der Produktion: Ob als Erdbohrer, in einer Schneefr\u00e4se oder zur Feindosierung von Gew\u00fcrzen in der Lebensmittelherstellung: Schnecken werden&hellip;\" \/>\n<meta property=\"og:url\" content=\"https:\/\/schneckenfluegel.de\/de\/2022\/11\/24\/an-die-fase-gedacht\/\" \/>\n<meta property=\"og:site_name\" content=\"C.E. Schneckenfl\u00fcgel GmbH\" \/>\n<meta property=\"article:published_time\" content=\"2022-11-24T10:55:45+00:00\" \/>\n<meta property=\"article:modified_time\" content=\"2022-11-28T14:09:59+00:00\" \/>\n<meta property=\"og:image\" content=\"https:\/\/schneckenfluegel.de\/de\/wp-content\/uploads\/sites\/2\/2022\/11\/Foto_Fasenschnitt-V3.jpg\" \/>\n\t<meta property=\"og:image:width\" content=\"840\" \/>\n\t<meta property=\"og:image:height\" content=\"560\" \/>\n\t<meta property=\"og:image:type\" content=\"image\/jpeg\" \/>\n<meta name=\"author\" content=\"kern\" \/>\n<meta name=\"twitter:card\" content=\"summary_large_image\" \/>\n<meta name=\"twitter:label1\" content=\"Verfasst von\" \/>\n\t<meta name=\"twitter:data1\" content=\"kern\" \/>\n\t<meta name=\"twitter:label2\" content=\"Gesch\u00e4tzte Lesezeit\" \/>\n\t<meta name=\"twitter:data2\" content=\"2\u00a0Minuten\" \/>\n<script type=\"application\/ld+json\" class=\"yoast-schema-graph\">{\"@context\":\"https:\/\/schema.org\",\"@graph\":[{\"@type\":\"WebPage\",\"@id\":\"https:\/\/schneckenfluegel.de\/de\/2022\/11\/24\/an-die-fase-gedacht\/\",\"url\":\"https:\/\/schneckenfluegel.de\/de\/2022\/11\/24\/an-die-fase-gedacht\/\",\"name\":\"An die Fase gedacht? - C.E. Schneckenfl\u00fcgel GmbH\",\"isPartOf\":{\"@id\":\"https:\/\/schneckenfluegel.de\/de\/#website\"},\"primaryImageOfPage\":{\"@id\":\"https:\/\/schneckenfluegel.de\/de\/2022\/11\/24\/an-die-fase-gedacht\/#primaryimage\"},\"image\":{\"@id\":\"https:\/\/schneckenfluegel.de\/de\/2022\/11\/24\/an-die-fase-gedacht\/#primaryimage\"},\"thumbnailUrl\":\"https:\/\/schneckenfluegel.de\/de\/wp-content\/uploads\/sites\/2\/2022\/11\/Foto_Fasenschnitt-V3.jpg\",\"datePublished\":\"2022-11-24T10:55:45+00:00\",\"dateModified\":\"2022-11-28T14:09:59+00:00\",\"author\":{\"@id\":\"https:\/\/schneckenfluegel.de\/de\/#\/schema\/person\/5ed543368a0353c1b931d0d34bc32cfd\"},\"breadcrumb\":{\"@id\":\"https:\/\/schneckenfluegel.de\/de\/2022\/11\/24\/an-die-fase-gedacht\/#breadcrumb\"},\"inLanguage\":\"de\",\"potentialAction\":[{\"@type\":\"ReadAction\",\"target\":[\"https:\/\/schneckenfluegel.de\/de\/2022\/11\/24\/an-die-fase-gedacht\/\"]}]},{\"@type\":\"ImageObject\",\"inLanguage\":\"de\",\"@id\":\"https:\/\/schneckenfluegel.de\/de\/2022\/11\/24\/an-die-fase-gedacht\/#primaryimage\",\"url\":\"https:\/\/schneckenfluegel.de\/de\/wp-content\/uploads\/sites\/2\/2022\/11\/Foto_Fasenschnitt-V3.jpg\",\"contentUrl\":\"https:\/\/schneckenfluegel.de\/de\/wp-content\/uploads\/sites\/2\/2022\/11\/Foto_Fasenschnitt-V3.jpg\",\"width\":840,\"height\":560},{\"@type\":\"BreadcrumbList\",\"@id\":\"https:\/\/schneckenfluegel.de\/de\/2022\/11\/24\/an-die-fase-gedacht\/#breadcrumb\",\"itemListElement\":[{\"@type\":\"ListItem\",\"position\":1,\"name\":\"Startseite\",\"item\":\"https:\/\/schneckenfluegel.de\/de\/\"},{\"@type\":\"ListItem\",\"position\":2,\"name\":\"An die Fase gedacht?\"}]},{\"@type\":\"WebSite\",\"@id\":\"https:\/\/schneckenfluegel.de\/de\/#website\",\"url\":\"https:\/\/schneckenfluegel.de\/de\/\",\"name\":\"C.E. Schneckenfl\u00fcgel GmbH\",\"description\":\"Schneckenfl\u00fcgel vom Hersteller\",\"potentialAction\":[{\"@type\":\"SearchAction\",\"target\":{\"@type\":\"EntryPoint\",\"urlTemplate\":\"https:\/\/schneckenfluegel.de\/de\/?s={search_term_string}\"},\"query-input\":{\"@type\":\"PropertyValueSpecification\",\"valueRequired\":true,\"valueName\":\"search_term_string\"}}],\"inLanguage\":\"de\"},{\"@type\":\"Person\",\"@id\":\"https:\/\/schneckenfluegel.de\/de\/#\/schema\/person\/5ed543368a0353c1b931d0d34bc32cfd\",\"name\":\"kern\",\"url\":\"https:\/\/schneckenfluegel.de\/de\/author\/kern\/\"}]}<\/script>\n<!-- \/ Yoast SEO plugin. -->","yoast_head_json":{"title":"An die Fase gedacht? - C.E. Schneckenfl\u00fcgel GmbH","robots":{"index":"index","follow":"follow","max-snippet":"max-snippet:-1","max-image-preview":"max-image-preview:large","max-video-preview":"max-video-preview:-1"},"canonical":"https:\/\/schneckenfluegel.de\/de\/2022\/11\/24\/an-die-fase-gedacht\/","og_locale":"de_DE","og_type":"article","og_title":"An die Fase gedacht? - C.E. Schneckenfl\u00fcgel GmbH","og_description":"Neues aus der Produktion: Ob als Erdbohrer, in einer Schneefr\u00e4se oder zur Feindosierung von Gew\u00fcrzen in der Lebensmittelherstellung: Schnecken werden&hellip;","og_url":"https:\/\/schneckenfluegel.de\/de\/2022\/11\/24\/an-die-fase-gedacht\/","og_site_name":"C.E. Schneckenfl\u00fcgel GmbH","article_published_time":"2022-11-24T10:55:45+00:00","article_modified_time":"2022-11-28T14:09:59+00:00","og_image":[{"width":840,"height":560,"url":"https:\/\/schneckenfluegel.de\/de\/wp-content\/uploads\/sites\/2\/2022\/11\/Foto_Fasenschnitt-V3.jpg","type":"image\/jpeg"}],"author":"kern","twitter_card":"summary_large_image","twitter_misc":{"Verfasst von":"kern","Gesch\u00e4tzte Lesezeit":"2\u00a0Minuten"},"schema":{"@context":"https:\/\/schema.org","@graph":[{"@type":"WebPage","@id":"https:\/\/schneckenfluegel.de\/de\/2022\/11\/24\/an-die-fase-gedacht\/","url":"https:\/\/schneckenfluegel.de\/de\/2022\/11\/24\/an-die-fase-gedacht\/","name":"An die Fase gedacht? - C.E. Schneckenfl\u00fcgel GmbH","isPartOf":{"@id":"https:\/\/schneckenfluegel.de\/de\/#website"},"primaryImageOfPage":{"@id":"https:\/\/schneckenfluegel.de\/de\/2022\/11\/24\/an-die-fase-gedacht\/#primaryimage"},"image":{"@id":"https:\/\/schneckenfluegel.de\/de\/2022\/11\/24\/an-die-fase-gedacht\/#primaryimage"},"thumbnailUrl":"https:\/\/schneckenfluegel.de\/de\/wp-content\/uploads\/sites\/2\/2022\/11\/Foto_Fasenschnitt-V3.jpg","datePublished":"2022-11-24T10:55:45+00:00","dateModified":"2022-11-28T14:09:59+00:00","author":{"@id":"https:\/\/schneckenfluegel.de\/de\/#\/schema\/person\/5ed543368a0353c1b931d0d34bc32cfd"},"breadcrumb":{"@id":"https:\/\/schneckenfluegel.de\/de\/2022\/11\/24\/an-die-fase-gedacht\/#breadcrumb"},"inLanguage":"de","potentialAction":[{"@type":"ReadAction","target":["https:\/\/schneckenfluegel.de\/de\/2022\/11\/24\/an-die-fase-gedacht\/"]}]},{"@type":"ImageObject","inLanguage":"de","@id":"https:\/\/schneckenfluegel.de\/de\/2022\/11\/24\/an-die-fase-gedacht\/#primaryimage","url":"https:\/\/schneckenfluegel.de\/de\/wp-content\/uploads\/sites\/2\/2022\/11\/Foto_Fasenschnitt-V3.jpg","contentUrl":"https:\/\/schneckenfluegel.de\/de\/wp-content\/uploads\/sites\/2\/2022\/11\/Foto_Fasenschnitt-V3.jpg","width":840,"height":560},{"@type":"BreadcrumbList","@id":"https:\/\/schneckenfluegel.de\/de\/2022\/11\/24\/an-die-fase-gedacht\/#breadcrumb","itemListElement":[{"@type":"ListItem","position":1,"name":"Startseite","item":"https:\/\/schneckenfluegel.de\/de\/"},{"@type":"ListItem","position":2,"name":"An die Fase gedacht?"}]},{"@type":"WebSite","@id":"https:\/\/schneckenfluegel.de\/de\/#website","url":"https:\/\/schneckenfluegel.de\/de\/","name":"C.E. Schneckenfl\u00fcgel GmbH","description":"Schneckenfl\u00fcgel vom Hersteller","potentialAction":[{"@type":"SearchAction","target":{"@type":"EntryPoint","urlTemplate":"https:\/\/schneckenfluegel.de\/de\/?s={search_term_string}"},"query-input":{"@type":"PropertyValueSpecification","valueRequired":true,"valueName":"search_term_string"}}],"inLanguage":"de"},{"@type":"Person","@id":"https:\/\/schneckenfluegel.de\/de\/#\/schema\/person\/5ed543368a0353c1b931d0d34bc32cfd","name":"kern","url":"https:\/\/schneckenfluegel.de\/de\/author\/kern\/"}]}},"_links":{"self":[{"href":"https:\/\/schneckenfluegel.de\/de\/wp-json\/wp\/v2\/posts\/3005","targetHints":{"allow":["GET"]}}],"collection":[{"href":"https:\/\/schneckenfluegel.de\/de\/wp-json\/wp\/v2\/posts"}],"about":[{"href":"https:\/\/schneckenfluegel.de\/de\/wp-json\/wp\/v2\/types\/post"}],"author":[{"embeddable":true,"href":"https:\/\/schneckenfluegel.de\/de\/wp-json\/wp\/v2\/users\/7"}],"replies":[{"embeddable":true,"href":"https:\/\/schneckenfluegel.de\/de\/wp-json\/wp\/v2\/comments?post=3005"}],"version-history":[{"count":6,"href":"https:\/\/schneckenfluegel.de\/de\/wp-json\/wp\/v2\/posts\/3005\/revisions"}],"predecessor-version":[{"id":3016,"href":"https:\/\/schneckenfluegel.de\/de\/wp-json\/wp\/v2\/posts\/3005\/revisions\/3016"}],"wp:featuredmedia":[{"embeddable":true,"href":"https:\/\/schneckenfluegel.de\/de\/wp-json\/wp\/v2\/media\/3006"}],"wp:attachment":[{"href":"https:\/\/schneckenfluegel.de\/de\/wp-json\/wp\/v2\/media?parent=3005"}],"wp:term":[{"taxonomy":"category","embeddable":true,"href":"https:\/\/schneckenfluegel.de\/de\/wp-json\/wp\/v2\/categories?post=3005"},{"taxonomy":"post_tag","embeddable":true,"href":"https:\/\/schneckenfluegel.de\/de\/wp-json\/wp\/v2\/tags?post=3005"}],"curies":[{"name":"wp","href":"https:\/\/api.w.org\/{rel}","templated":true}]}}