{"id":1954,"date":"2021-06-01T09:05:43","date_gmt":"2021-06-01T07:05:43","guid":{"rendered":"https:\/\/schneckenfluegel.de\/de\/?p=1954"},"modified":"2021-07-08T09:12:44","modified_gmt":"2021-07-08T07:12:44","slug":"mehr-schub-durch-25-mehr-flaeche","status":"publish","type":"post","link":"https:\/\/schneckenfluegel.de\/de\/2021\/06\/01\/mehr-schub-durch-25-mehr-flaeche\/","title":{"rendered":"Wir haben die Fertigung f\u00fcr Sie ausgebaut!"},"content":{"rendered":"<p class=\"p1\">Wer Schnelligkeit und hohe Qualit\u00e4t verspricht, muss auch seine Fertigung entsprechend auf Kurs haben.<\/p>\n<p class=\"p1\">Seit Februar verst\u00e4rkt ein neuer Mitarbeiter das Team an der Plasmaschneideanlage, dem Herzst\u00fcck unserer Fertigung. Bis zu 60 mm starke Bleche werden mit seiner Unterst\u00fctzung in Form gebracht.<\/p>\n<p class=\"p1\">Die Vergr\u00f6\u00dferung unserer Produktionsfl\u00e4che ist in vollem Gange. Wir haben unsere Produktionsfl\u00e4che zu Ende 2020 um 500 Quadratmeter erweitert. Hierzu wurde das Zwischenlager vergr\u00f6\u00dfert und der Pressenbereich um zus\u00e4tzliche Maschinen erweitert.<\/p>\n<p class=\"p1\">Nun verlaufen unsere Abl\u00e4ufe noch besser und geschmeidiger.<\/p>\n<p class=\"p1\">Seit Dezember 2020 arbeiten wir mit doppeltem Schub im Zweischichtbetrieb. Unsere Durchlaufzeiten sind deutlich gesunken und die Lieferzeiten k\u00f6nnen k\u00fcnftig nochmal beschleunigt werden.<\/p>\n","protected":false},"excerpt":{"rendered":"<p>Wer Schnelligkeit und hohe Qualit\u00e4t verspricht, muss auch seine Fertigung entsprechend auf Kurs haben. Seit Februar verst\u00e4rkt ein neuer Mitarbeiter&hellip;<\/p>\n","protected":false},"author":7,"featured_media":1958,"comment_status":"closed","ping_status":"open","sticky":false,"template":"","format":"standard","meta":{"_acf_changed":false,"footnotes":""},"categories":[1],"tags":[],"class_list":["post-1954","post","type-post","status-publish","format-standard","has-post-thumbnail","hentry","category-allgemein"],"acf":[],"yoast_head":"<!-- This site is optimized with the Yoast SEO plugin v26.6 - https:\/\/yoast.com\/wordpress\/plugins\/seo\/ -->\n<title>Wir haben die Fertigung f\u00fcr Sie ausgebaut! - C.E. Schneckenfl\u00fcgel GmbH<\/title>\n<meta name=\"robots\" content=\"index, follow, max-snippet:-1, max-image-preview:large, max-video-preview:-1\" \/>\n<link rel=\"canonical\" href=\"https:\/\/schneckenfluegel.de\/de\/2021\/06\/01\/mehr-schub-durch-25-mehr-flaeche\/\" \/>\n<meta property=\"og:locale\" content=\"de_DE\" \/>\n<meta property=\"og:type\" content=\"article\" \/>\n<meta property=\"og:title\" content=\"Wir haben die Fertigung f\u00fcr Sie ausgebaut! - C.E. Schneckenfl\u00fcgel GmbH\" \/>\n<meta property=\"og:description\" content=\"Wer Schnelligkeit und hohe Qualit\u00e4t verspricht, muss auch seine Fertigung entsprechend auf Kurs haben. Seit Februar verst\u00e4rkt ein neuer Mitarbeiter&hellip;\" \/>\n<meta property=\"og:url\" content=\"https:\/\/schneckenfluegel.de\/de\/2021\/06\/01\/mehr-schub-durch-25-mehr-flaeche\/\" \/>\n<meta property=\"og:site_name\" content=\"C.E. Schneckenfl\u00fcgel GmbH\" \/>\n<meta property=\"article:published_time\" content=\"2021-06-01T07:05:43+00:00\" \/>\n<meta property=\"article:modified_time\" content=\"2021-07-08T07:12:44+00:00\" \/>\n<meta property=\"og:image\" content=\"https:\/\/schneckenfluegel.de\/de\/wp-content\/uploads\/sites\/2\/2021\/07\/Aufstockung-der-Lagerkapazita\u0308t.jpg\" \/>\n\t<meta property=\"og:image:width\" content=\"1279\" \/>\n\t<meta property=\"og:image:height\" content=\"796\" \/>\n\t<meta property=\"og:image:type\" content=\"image\/jpeg\" \/>\n<meta name=\"author\" content=\"kern\" \/>\n<meta name=\"twitter:card\" content=\"summary_large_image\" \/>\n<meta name=\"twitter:label1\" content=\"Verfasst von\" \/>\n\t<meta name=\"twitter:data1\" content=\"kern\" \/>\n\t<meta name=\"twitter:label2\" content=\"Gesch\u00e4tzte Lesezeit\" \/>\n\t<meta name=\"twitter:data2\" content=\"1\u00a0Minute\" \/>\n<script type=\"application\/ld+json\" class=\"yoast-schema-graph\">{\"@context\":\"https:\/\/schema.org\",\"@graph\":[{\"@type\":\"WebPage\",\"@id\":\"https:\/\/schneckenfluegel.de\/de\/2021\/06\/01\/mehr-schub-durch-25-mehr-flaeche\/\",\"url\":\"https:\/\/schneckenfluegel.de\/de\/2021\/06\/01\/mehr-schub-durch-25-mehr-flaeche\/\",\"name\":\"Wir haben die Fertigung f\u00fcr Sie ausgebaut! - C.E. Schneckenfl\u00fcgel GmbH\",\"isPartOf\":{\"@id\":\"https:\/\/schneckenfluegel.de\/de\/#website\"},\"primaryImageOfPage\":{\"@id\":\"https:\/\/schneckenfluegel.de\/de\/2021\/06\/01\/mehr-schub-durch-25-mehr-flaeche\/#primaryimage\"},\"image\":{\"@id\":\"https:\/\/schneckenfluegel.de\/de\/2021\/06\/01\/mehr-schub-durch-25-mehr-flaeche\/#primaryimage\"},\"thumbnailUrl\":\"https:\/\/schneckenfluegel.de\/de\/wp-content\/uploads\/sites\/2\/2021\/07\/Aufstockung-der-Lagerkapazita\u0308t.jpg\",\"datePublished\":\"2021-06-01T07:05:43+00:00\",\"dateModified\":\"2021-07-08T07:12:44+00:00\",\"author\":{\"@id\":\"https:\/\/schneckenfluegel.de\/de\/#\/schema\/person\/5ed543368a0353c1b931d0d34bc32cfd\"},\"breadcrumb\":{\"@id\":\"https:\/\/schneckenfluegel.de\/de\/2021\/06\/01\/mehr-schub-durch-25-mehr-flaeche\/#breadcrumb\"},\"inLanguage\":\"de\",\"potentialAction\":[{\"@type\":\"ReadAction\",\"target\":[\"https:\/\/schneckenfluegel.de\/de\/2021\/06\/01\/mehr-schub-durch-25-mehr-flaeche\/\"]}]},{\"@type\":\"ImageObject\",\"inLanguage\":\"de\",\"@id\":\"https:\/\/schneckenfluegel.de\/de\/2021\/06\/01\/mehr-schub-durch-25-mehr-flaeche\/#primaryimage\",\"url\":\"https:\/\/schneckenfluegel.de\/de\/wp-content\/uploads\/sites\/2\/2021\/07\/Aufstockung-der-Lagerkapazita\u0308t.jpg\",\"contentUrl\":\"https:\/\/schneckenfluegel.de\/de\/wp-content\/uploads\/sites\/2\/2021\/07\/Aufstockung-der-Lagerkapazita\u0308t.jpg\",\"width\":1279,\"height\":796},{\"@type\":\"BreadcrumbList\",\"@id\":\"https:\/\/schneckenfluegel.de\/de\/2021\/06\/01\/mehr-schub-durch-25-mehr-flaeche\/#breadcrumb\",\"itemListElement\":[{\"@type\":\"ListItem\",\"position\":1,\"name\":\"Startseite\",\"item\":\"https:\/\/schneckenfluegel.de\/de\/\"},{\"@type\":\"ListItem\",\"position\":2,\"name\":\"Wir haben die Fertigung f\u00fcr Sie ausgebaut!\"}]},{\"@type\":\"WebSite\",\"@id\":\"https:\/\/schneckenfluegel.de\/de\/#website\",\"url\":\"https:\/\/schneckenfluegel.de\/de\/\",\"name\":\"C.E. Schneckenfl\u00fcgel GmbH\",\"description\":\"Schneckenfl\u00fcgel vom Hersteller\",\"potentialAction\":[{\"@type\":\"SearchAction\",\"target\":{\"@type\":\"EntryPoint\",\"urlTemplate\":\"https:\/\/schneckenfluegel.de\/de\/?s={search_term_string}\"},\"query-input\":{\"@type\":\"PropertyValueSpecification\",\"valueRequired\":true,\"valueName\":\"search_term_string\"}}],\"inLanguage\":\"de\"},{\"@type\":\"Person\",\"@id\":\"https:\/\/schneckenfluegel.de\/de\/#\/schema\/person\/5ed543368a0353c1b931d0d34bc32cfd\",\"name\":\"kern\",\"url\":\"https:\/\/schneckenfluegel.de\/de\/author\/kern\/\"}]}<\/script>\n<!-- \/ Yoast SEO plugin. -->","yoast_head_json":{"title":"Wir haben die Fertigung f\u00fcr Sie ausgebaut! - C.E. Schneckenfl\u00fcgel GmbH","robots":{"index":"index","follow":"follow","max-snippet":"max-snippet:-1","max-image-preview":"max-image-preview:large","max-video-preview":"max-video-preview:-1"},"canonical":"https:\/\/schneckenfluegel.de\/de\/2021\/06\/01\/mehr-schub-durch-25-mehr-flaeche\/","og_locale":"de_DE","og_type":"article","og_title":"Wir haben die Fertigung f\u00fcr Sie ausgebaut! - C.E. Schneckenfl\u00fcgel GmbH","og_description":"Wer Schnelligkeit und hohe Qualit\u00e4t verspricht, muss auch seine Fertigung entsprechend auf Kurs haben. Seit Februar verst\u00e4rkt ein neuer Mitarbeiter&hellip;","og_url":"https:\/\/schneckenfluegel.de\/de\/2021\/06\/01\/mehr-schub-durch-25-mehr-flaeche\/","og_site_name":"C.E. Schneckenfl\u00fcgel GmbH","article_published_time":"2021-06-01T07:05:43+00:00","article_modified_time":"2021-07-08T07:12:44+00:00","og_image":[{"width":1279,"height":796,"url":"https:\/\/schneckenfluegel.de\/de\/wp-content\/uploads\/sites\/2\/2021\/07\/Aufstockung-der-Lagerkapazita\u0308t.jpg","type":"image\/jpeg"}],"author":"kern","twitter_card":"summary_large_image","twitter_misc":{"Verfasst von":"kern","Gesch\u00e4tzte Lesezeit":"1\u00a0Minute"},"schema":{"@context":"https:\/\/schema.org","@graph":[{"@type":"WebPage","@id":"https:\/\/schneckenfluegel.de\/de\/2021\/06\/01\/mehr-schub-durch-25-mehr-flaeche\/","url":"https:\/\/schneckenfluegel.de\/de\/2021\/06\/01\/mehr-schub-durch-25-mehr-flaeche\/","name":"Wir haben die Fertigung f\u00fcr Sie ausgebaut! - C.E. Schneckenfl\u00fcgel GmbH","isPartOf":{"@id":"https:\/\/schneckenfluegel.de\/de\/#website"},"primaryImageOfPage":{"@id":"https:\/\/schneckenfluegel.de\/de\/2021\/06\/01\/mehr-schub-durch-25-mehr-flaeche\/#primaryimage"},"image":{"@id":"https:\/\/schneckenfluegel.de\/de\/2021\/06\/01\/mehr-schub-durch-25-mehr-flaeche\/#primaryimage"},"thumbnailUrl":"https:\/\/schneckenfluegel.de\/de\/wp-content\/uploads\/sites\/2\/2021\/07\/Aufstockung-der-Lagerkapazita\u0308t.jpg","datePublished":"2021-06-01T07:05:43+00:00","dateModified":"2021-07-08T07:12:44+00:00","author":{"@id":"https:\/\/schneckenfluegel.de\/de\/#\/schema\/person\/5ed543368a0353c1b931d0d34bc32cfd"},"breadcrumb":{"@id":"https:\/\/schneckenfluegel.de\/de\/2021\/06\/01\/mehr-schub-durch-25-mehr-flaeche\/#breadcrumb"},"inLanguage":"de","potentialAction":[{"@type":"ReadAction","target":["https:\/\/schneckenfluegel.de\/de\/2021\/06\/01\/mehr-schub-durch-25-mehr-flaeche\/"]}]},{"@type":"ImageObject","inLanguage":"de","@id":"https:\/\/schneckenfluegel.de\/de\/2021\/06\/01\/mehr-schub-durch-25-mehr-flaeche\/#primaryimage","url":"https:\/\/schneckenfluegel.de\/de\/wp-content\/uploads\/sites\/2\/2021\/07\/Aufstockung-der-Lagerkapazita\u0308t.jpg","contentUrl":"https:\/\/schneckenfluegel.de\/de\/wp-content\/uploads\/sites\/2\/2021\/07\/Aufstockung-der-Lagerkapazita\u0308t.jpg","width":1279,"height":796},{"@type":"BreadcrumbList","@id":"https:\/\/schneckenfluegel.de\/de\/2021\/06\/01\/mehr-schub-durch-25-mehr-flaeche\/#breadcrumb","itemListElement":[{"@type":"ListItem","position":1,"name":"Startseite","item":"https:\/\/schneckenfluegel.de\/de\/"},{"@type":"ListItem","position":2,"name":"Wir haben die Fertigung f\u00fcr Sie ausgebaut!"}]},{"@type":"WebSite","@id":"https:\/\/schneckenfluegel.de\/de\/#website","url":"https:\/\/schneckenfluegel.de\/de\/","name":"C.E. Schneckenfl\u00fcgel GmbH","description":"Schneckenfl\u00fcgel vom Hersteller","potentialAction":[{"@type":"SearchAction","target":{"@type":"EntryPoint","urlTemplate":"https:\/\/schneckenfluegel.de\/de\/?s={search_term_string}"},"query-input":{"@type":"PropertyValueSpecification","valueRequired":true,"valueName":"search_term_string"}}],"inLanguage":"de"},{"@type":"Person","@id":"https:\/\/schneckenfluegel.de\/de\/#\/schema\/person\/5ed543368a0353c1b931d0d34bc32cfd","name":"kern","url":"https:\/\/schneckenfluegel.de\/de\/author\/kern\/"}]}},"_links":{"self":[{"href":"https:\/\/schneckenfluegel.de\/de\/wp-json\/wp\/v2\/posts\/1954","targetHints":{"allow":["GET"]}}],"collection":[{"href":"https:\/\/schneckenfluegel.de\/de\/wp-json\/wp\/v2\/posts"}],"about":[{"href":"https:\/\/schneckenfluegel.de\/de\/wp-json\/wp\/v2\/types\/post"}],"author":[{"embeddable":true,"href":"https:\/\/schneckenfluegel.de\/de\/wp-json\/wp\/v2\/users\/7"}],"replies":[{"embeddable":true,"href":"https:\/\/schneckenfluegel.de\/de\/wp-json\/wp\/v2\/comments?post=1954"}],"version-history":[{"count":3,"href":"https:\/\/schneckenfluegel.de\/de\/wp-json\/wp\/v2\/posts\/1954\/revisions"}],"predecessor-version":[{"id":1961,"href":"https:\/\/schneckenfluegel.de\/de\/wp-json\/wp\/v2\/posts\/1954\/revisions\/1961"}],"wp:featuredmedia":[{"embeddable":true,"href":"https:\/\/schneckenfluegel.de\/de\/wp-json\/wp\/v2\/media\/1958"}],"wp:attachment":[{"href":"https:\/\/schneckenfluegel.de\/de\/wp-json\/wp\/v2\/media?parent=1954"}],"wp:term":[{"taxonomy":"category","embeddable":true,"href":"https:\/\/schneckenfluegel.de\/de\/wp-json\/wp\/v2\/categories?post=1954"},{"taxonomy":"post_tag","embeddable":true,"href":"https:\/\/schneckenfluegel.de\/de\/wp-json\/wp\/v2\/tags?post=1954"}],"curies":[{"name":"wp","href":"https:\/\/api.w.org\/{rel}","templated":true}]}}