{"id":1877,"date":"2021-05-27T11:13:22","date_gmt":"2021-05-27T09:13:22","guid":{"rendered":"https:\/\/schneckenfluegel.de\/de\/?p=1877"},"modified":"2021-07-08T09:14:24","modified_gmt":"2021-07-08T07:14:24","slug":"ausgezeichnet-grosser-vr-mittelstandspreis-weser-ems-2020-fuer-schneckenfluegel","status":"publish","type":"post","link":"https:\/\/schneckenfluegel.de\/de\/2021\/05\/27\/ausgezeichnet-grosser-vr-mittelstandspreis-weser-ems-2020-fuer-schneckenfluegel\/","title":{"rendered":"Ausgezeichnet: Gro\u00dfer VR-Mittelstandspreis Weser-Ems 2020 f\u00fcr Schneckenfl\u00fcgel!"},"content":{"rendered":"<p>Wir von Schneckenfl\u00fcgel leben Effizienz und Digitalisierung! Daher freut es uns, dass wir f\u00fcr die beispielhafte Optimierung und Digitalisierung unserer betrieblichen Prozesse mit dem VR-Mittelstandspreis ausgezeichnet wurden.<\/p>\n<p>Die Volks- und Raiffeisenbanken verleihen den Preis j\u00e4hrlich an drei wegweisende Betriebe und Unternehmen mit beispielhaften Projekten und Leistungen. Die Entscheidung \u00fcber die Gewinner trifft dabei eine Kommision aus Mitgliedern der VR-Bank, der IHK und der Handwerkskammer. Unter vielen Bewerben konnten wir uns durchsetzen und den Preis am 21. Mai 2021 pers\u00f6nlich in Empfang nehmen.<\/p>\n<p>[v.l.n.r. Michael H\u00f6ller (IHK), Kai Lutz Pakula (Handwerkskammer), Karl-Heinz Gerdes (C.E. Schneckenfl\u00fcgel), Rolf Eiting (C.E. Schneckenfl\u00fcgel), Thomas Ahaus (Genossenschaftsverband Weser-Ems]<\/p>\n<p>Wir lehnen uns nat\u00fcrlich dennoch nicht zur\u00fcck und treiben die Prozesse weiter voran, um f\u00fcr unsere Kunden immer pr\u00e4ziser, schneller und wirtschaftlicher zu werden.\u00a0 <a href=\"https:\/\/schneckenfluegel.de\/de\/ueber-uns\/\">Hier erfahren Sie mehr \u00fcber uns und was und antreibt.<\/a><\/p>\n","protected":false},"excerpt":{"rendered":"<p>Wir von Schneckenfl\u00fcgel leben Effizienz und Digitalisierung! Daher freut es uns, dass wir f\u00fcr die beispielhafte Optimierung und Digitalisierung unserer&hellip;<\/p>\n","protected":false},"author":7,"featured_media":1880,"comment_status":"closed","ping_status":"open","sticky":false,"template":"","format":"standard","meta":{"_acf_changed":false,"footnotes":""},"categories":[1],"tags":[],"class_list":["post-1877","post","type-post","status-publish","format-standard","has-post-thumbnail","hentry","category-allgemein"],"acf":[],"yoast_head":"<!-- This site is optimized with the Yoast SEO plugin v26.6 - https:\/\/yoast.com\/wordpress\/plugins\/seo\/ -->\n<title>Ausgezeichnet: Gro\u00dfer VR-Mittelstandspreis Weser-Ems 2020 f\u00fcr Schneckenfl\u00fcgel! - C.E. Schneckenfl\u00fcgel GmbH<\/title>\n<meta name=\"robots\" content=\"index, follow, max-snippet:-1, max-image-preview:large, max-video-preview:-1\" \/>\n<link rel=\"canonical\" href=\"https:\/\/schneckenfluegel.de\/de\/2021\/05\/27\/ausgezeichnet-grosser-vr-mittelstandspreis-weser-ems-2020-fuer-schneckenfluegel\/\" \/>\n<meta property=\"og:locale\" content=\"de_DE\" \/>\n<meta property=\"og:type\" content=\"article\" \/>\n<meta property=\"og:title\" content=\"Ausgezeichnet: Gro\u00dfer VR-Mittelstandspreis Weser-Ems 2020 f\u00fcr Schneckenfl\u00fcgel! - C.E. Schneckenfl\u00fcgel GmbH\" \/>\n<meta property=\"og:description\" content=\"Wir von Schneckenfl\u00fcgel leben Effizienz und Digitalisierung! Daher freut es uns, dass wir f\u00fcr die beispielhafte Optimierung und Digitalisierung unserer&hellip;\" \/>\n<meta property=\"og:url\" content=\"https:\/\/schneckenfluegel.de\/de\/2021\/05\/27\/ausgezeichnet-grosser-vr-mittelstandspreis-weser-ems-2020-fuer-schneckenfluegel\/\" \/>\n<meta property=\"og:site_name\" content=\"C.E. Schneckenfl\u00fcgel GmbH\" \/>\n<meta property=\"article:published_time\" content=\"2021-05-27T09:13:22+00:00\" \/>\n<meta property=\"article:modified_time\" content=\"2021-07-08T07:14:24+00:00\" \/>\n<meta property=\"og:image\" content=\"https:\/\/schneckenfluegel.de\/de\/wp-content\/uploads\/sites\/2\/2021\/06\/Zusammenfu\u0308gung_enger_V2-scaled.jpg\" \/>\n\t<meta property=\"og:image:width\" content=\"2560\" \/>\n\t<meta property=\"og:image:height\" content=\"1594\" \/>\n\t<meta property=\"og:image:type\" content=\"image\/jpeg\" \/>\n<meta name=\"author\" content=\"kern\" \/>\n<meta name=\"twitter:card\" content=\"summary_large_image\" \/>\n<meta name=\"twitter:label1\" content=\"Verfasst von\" \/>\n\t<meta name=\"twitter:data1\" content=\"kern\" \/>\n\t<meta name=\"twitter:label2\" content=\"Gesch\u00e4tzte Lesezeit\" \/>\n\t<meta name=\"twitter:data2\" content=\"1\u00a0Minute\" \/>\n<script type=\"application\/ld+json\" class=\"yoast-schema-graph\">{\"@context\":\"https:\/\/schema.org\",\"@graph\":[{\"@type\":\"WebPage\",\"@id\":\"https:\/\/schneckenfluegel.de\/de\/2021\/05\/27\/ausgezeichnet-grosser-vr-mittelstandspreis-weser-ems-2020-fuer-schneckenfluegel\/\",\"url\":\"https:\/\/schneckenfluegel.de\/de\/2021\/05\/27\/ausgezeichnet-grosser-vr-mittelstandspreis-weser-ems-2020-fuer-schneckenfluegel\/\",\"name\":\"Ausgezeichnet: Gro\u00dfer VR-Mittelstandspreis Weser-Ems 2020 f\u00fcr Schneckenfl\u00fcgel! - C.E. Schneckenfl\u00fcgel GmbH\",\"isPartOf\":{\"@id\":\"https:\/\/schneckenfluegel.de\/de\/#website\"},\"primaryImageOfPage\":{\"@id\":\"https:\/\/schneckenfluegel.de\/de\/2021\/05\/27\/ausgezeichnet-grosser-vr-mittelstandspreis-weser-ems-2020-fuer-schneckenfluegel\/#primaryimage\"},\"image\":{\"@id\":\"https:\/\/schneckenfluegel.de\/de\/2021\/05\/27\/ausgezeichnet-grosser-vr-mittelstandspreis-weser-ems-2020-fuer-schneckenfluegel\/#primaryimage\"},\"thumbnailUrl\":\"https:\/\/schneckenfluegel.de\/de\/wp-content\/uploads\/sites\/2\/2021\/06\/Zusammenfu\u0308gung_enger_V2-scaled.jpg\",\"datePublished\":\"2021-05-27T09:13:22+00:00\",\"dateModified\":\"2021-07-08T07:14:24+00:00\",\"author\":{\"@id\":\"https:\/\/schneckenfluegel.de\/de\/#\/schema\/person\/5ed543368a0353c1b931d0d34bc32cfd\"},\"breadcrumb\":{\"@id\":\"https:\/\/schneckenfluegel.de\/de\/2021\/05\/27\/ausgezeichnet-grosser-vr-mittelstandspreis-weser-ems-2020-fuer-schneckenfluegel\/#breadcrumb\"},\"inLanguage\":\"de\",\"potentialAction\":[{\"@type\":\"ReadAction\",\"target\":[\"https:\/\/schneckenfluegel.de\/de\/2021\/05\/27\/ausgezeichnet-grosser-vr-mittelstandspreis-weser-ems-2020-fuer-schneckenfluegel\/\"]}]},{\"@type\":\"ImageObject\",\"inLanguage\":\"de\",\"@id\":\"https:\/\/schneckenfluegel.de\/de\/2021\/05\/27\/ausgezeichnet-grosser-vr-mittelstandspreis-weser-ems-2020-fuer-schneckenfluegel\/#primaryimage\",\"url\":\"https:\/\/schneckenfluegel.de\/de\/wp-content\/uploads\/sites\/2\/2021\/06\/Zusammenfu\u0308gung_enger_V2-scaled.jpg\",\"contentUrl\":\"https:\/\/schneckenfluegel.de\/de\/wp-content\/uploads\/sites\/2\/2021\/06\/Zusammenfu\u0308gung_enger_V2-scaled.jpg\",\"width\":2560,\"height\":1594,\"caption\":\"VR-Mittelstandspreis 2020 f\u00fcr Schneckenfluegel\"},{\"@type\":\"BreadcrumbList\",\"@id\":\"https:\/\/schneckenfluegel.de\/de\/2021\/05\/27\/ausgezeichnet-grosser-vr-mittelstandspreis-weser-ems-2020-fuer-schneckenfluegel\/#breadcrumb\",\"itemListElement\":[{\"@type\":\"ListItem\",\"position\":1,\"name\":\"Startseite\",\"item\":\"https:\/\/schneckenfluegel.de\/de\/\"},{\"@type\":\"ListItem\",\"position\":2,\"name\":\"Ausgezeichnet: Gro\u00dfer VR-Mittelstandspreis Weser-Ems 2020 f\u00fcr Schneckenfl\u00fcgel!\"}]},{\"@type\":\"WebSite\",\"@id\":\"https:\/\/schneckenfluegel.de\/de\/#website\",\"url\":\"https:\/\/schneckenfluegel.de\/de\/\",\"name\":\"C.E. Schneckenfl\u00fcgel GmbH\",\"description\":\"Schneckenfl\u00fcgel vom Hersteller\",\"potentialAction\":[{\"@type\":\"SearchAction\",\"target\":{\"@type\":\"EntryPoint\",\"urlTemplate\":\"https:\/\/schneckenfluegel.de\/de\/?s={search_term_string}\"},\"query-input\":{\"@type\":\"PropertyValueSpecification\",\"valueRequired\":true,\"valueName\":\"search_term_string\"}}],\"inLanguage\":\"de\"},{\"@type\":\"Person\",\"@id\":\"https:\/\/schneckenfluegel.de\/de\/#\/schema\/person\/5ed543368a0353c1b931d0d34bc32cfd\",\"name\":\"kern\",\"url\":\"https:\/\/schneckenfluegel.de\/de\/author\/kern\/\"}]}<\/script>\n<!-- \/ Yoast SEO plugin. -->","yoast_head_json":{"title":"Ausgezeichnet: Gro\u00dfer VR-Mittelstandspreis Weser-Ems 2020 f\u00fcr Schneckenfl\u00fcgel! - C.E. Schneckenfl\u00fcgel GmbH","robots":{"index":"index","follow":"follow","max-snippet":"max-snippet:-1","max-image-preview":"max-image-preview:large","max-video-preview":"max-video-preview:-1"},"canonical":"https:\/\/schneckenfluegel.de\/de\/2021\/05\/27\/ausgezeichnet-grosser-vr-mittelstandspreis-weser-ems-2020-fuer-schneckenfluegel\/","og_locale":"de_DE","og_type":"article","og_title":"Ausgezeichnet: Gro\u00dfer VR-Mittelstandspreis Weser-Ems 2020 f\u00fcr Schneckenfl\u00fcgel! - C.E. Schneckenfl\u00fcgel GmbH","og_description":"Wir von Schneckenfl\u00fcgel leben Effizienz und Digitalisierung! Daher freut es uns, dass wir f\u00fcr die beispielhafte Optimierung und Digitalisierung unserer&hellip;","og_url":"https:\/\/schneckenfluegel.de\/de\/2021\/05\/27\/ausgezeichnet-grosser-vr-mittelstandspreis-weser-ems-2020-fuer-schneckenfluegel\/","og_site_name":"C.E. Schneckenfl\u00fcgel GmbH","article_published_time":"2021-05-27T09:13:22+00:00","article_modified_time":"2021-07-08T07:14:24+00:00","og_image":[{"width":2560,"height":1594,"url":"https:\/\/schneckenfluegel.de\/de\/wp-content\/uploads\/sites\/2\/2021\/06\/Zusammenfu\u0308gung_enger_V2-scaled.jpg","type":"image\/jpeg"}],"author":"kern","twitter_card":"summary_large_image","twitter_misc":{"Verfasst von":"kern","Gesch\u00e4tzte Lesezeit":"1\u00a0Minute"},"schema":{"@context":"https:\/\/schema.org","@graph":[{"@type":"WebPage","@id":"https:\/\/schneckenfluegel.de\/de\/2021\/05\/27\/ausgezeichnet-grosser-vr-mittelstandspreis-weser-ems-2020-fuer-schneckenfluegel\/","url":"https:\/\/schneckenfluegel.de\/de\/2021\/05\/27\/ausgezeichnet-grosser-vr-mittelstandspreis-weser-ems-2020-fuer-schneckenfluegel\/","name":"Ausgezeichnet: Gro\u00dfer VR-Mittelstandspreis Weser-Ems 2020 f\u00fcr Schneckenfl\u00fcgel! - C.E. Schneckenfl\u00fcgel GmbH","isPartOf":{"@id":"https:\/\/schneckenfluegel.de\/de\/#website"},"primaryImageOfPage":{"@id":"https:\/\/schneckenfluegel.de\/de\/2021\/05\/27\/ausgezeichnet-grosser-vr-mittelstandspreis-weser-ems-2020-fuer-schneckenfluegel\/#primaryimage"},"image":{"@id":"https:\/\/schneckenfluegel.de\/de\/2021\/05\/27\/ausgezeichnet-grosser-vr-mittelstandspreis-weser-ems-2020-fuer-schneckenfluegel\/#primaryimage"},"thumbnailUrl":"https:\/\/schneckenfluegel.de\/de\/wp-content\/uploads\/sites\/2\/2021\/06\/Zusammenfu\u0308gung_enger_V2-scaled.jpg","datePublished":"2021-05-27T09:13:22+00:00","dateModified":"2021-07-08T07:14:24+00:00","author":{"@id":"https:\/\/schneckenfluegel.de\/de\/#\/schema\/person\/5ed543368a0353c1b931d0d34bc32cfd"},"breadcrumb":{"@id":"https:\/\/schneckenfluegel.de\/de\/2021\/05\/27\/ausgezeichnet-grosser-vr-mittelstandspreis-weser-ems-2020-fuer-schneckenfluegel\/#breadcrumb"},"inLanguage":"de","potentialAction":[{"@type":"ReadAction","target":["https:\/\/schneckenfluegel.de\/de\/2021\/05\/27\/ausgezeichnet-grosser-vr-mittelstandspreis-weser-ems-2020-fuer-schneckenfluegel\/"]}]},{"@type":"ImageObject","inLanguage":"de","@id":"https:\/\/schneckenfluegel.de\/de\/2021\/05\/27\/ausgezeichnet-grosser-vr-mittelstandspreis-weser-ems-2020-fuer-schneckenfluegel\/#primaryimage","url":"https:\/\/schneckenfluegel.de\/de\/wp-content\/uploads\/sites\/2\/2021\/06\/Zusammenfu\u0308gung_enger_V2-scaled.jpg","contentUrl":"https:\/\/schneckenfluegel.de\/de\/wp-content\/uploads\/sites\/2\/2021\/06\/Zusammenfu\u0308gung_enger_V2-scaled.jpg","width":2560,"height":1594,"caption":"VR-Mittelstandspreis 2020 f\u00fcr Schneckenfluegel"},{"@type":"BreadcrumbList","@id":"https:\/\/schneckenfluegel.de\/de\/2021\/05\/27\/ausgezeichnet-grosser-vr-mittelstandspreis-weser-ems-2020-fuer-schneckenfluegel\/#breadcrumb","itemListElement":[{"@type":"ListItem","position":1,"name":"Startseite","item":"https:\/\/schneckenfluegel.de\/de\/"},{"@type":"ListItem","position":2,"name":"Ausgezeichnet: Gro\u00dfer VR-Mittelstandspreis Weser-Ems 2020 f\u00fcr Schneckenfl\u00fcgel!"}]},{"@type":"WebSite","@id":"https:\/\/schneckenfluegel.de\/de\/#website","url":"https:\/\/schneckenfluegel.de\/de\/","name":"C.E. Schneckenfl\u00fcgel GmbH","description":"Schneckenfl\u00fcgel vom Hersteller","potentialAction":[{"@type":"SearchAction","target":{"@type":"EntryPoint","urlTemplate":"https:\/\/schneckenfluegel.de\/de\/?s={search_term_string}"},"query-input":{"@type":"PropertyValueSpecification","valueRequired":true,"valueName":"search_term_string"}}],"inLanguage":"de"},{"@type":"Person","@id":"https:\/\/schneckenfluegel.de\/de\/#\/schema\/person\/5ed543368a0353c1b931d0d34bc32cfd","name":"kern","url":"https:\/\/schneckenfluegel.de\/de\/author\/kern\/"}]}},"_links":{"self":[{"href":"https:\/\/schneckenfluegel.de\/de\/wp-json\/wp\/v2\/posts\/1877","targetHints":{"allow":["GET"]}}],"collection":[{"href":"https:\/\/schneckenfluegel.de\/de\/wp-json\/wp\/v2\/posts"}],"about":[{"href":"https:\/\/schneckenfluegel.de\/de\/wp-json\/wp\/v2\/types\/post"}],"author":[{"embeddable":true,"href":"https:\/\/schneckenfluegel.de\/de\/wp-json\/wp\/v2\/users\/7"}],"replies":[{"embeddable":true,"href":"https:\/\/schneckenfluegel.de\/de\/wp-json\/wp\/v2\/comments?post=1877"}],"version-history":[{"count":8,"href":"https:\/\/schneckenfluegel.de\/de\/wp-json\/wp\/v2\/posts\/1877\/revisions"}],"predecessor-version":[{"id":1896,"href":"https:\/\/schneckenfluegel.de\/de\/wp-json\/wp\/v2\/posts\/1877\/revisions\/1896"}],"wp:featuredmedia":[{"embeddable":true,"href":"https:\/\/schneckenfluegel.de\/de\/wp-json\/wp\/v2\/media\/1880"}],"wp:attachment":[{"href":"https:\/\/schneckenfluegel.de\/de\/wp-json\/wp\/v2\/media?parent=1877"}],"wp:term":[{"taxonomy":"category","embeddable":true,"href":"https:\/\/schneckenfluegel.de\/de\/wp-json\/wp\/v2\/categories?post=1877"},{"taxonomy":"post_tag","embeddable":true,"href":"https:\/\/schneckenfluegel.de\/de\/wp-json\/wp\/v2\/tags?post=1877"}],"curies":[{"name":"wp","href":"https:\/\/api.w.org\/{rel}","templated":true}]}}